{"id":74479,"date":"2015-08-27T16:32:20","date_gmt":"2015-08-27T19:32:20","guid":{"rendered":"http:\/\/www.redenoticia.com.br\/noticia\/?p=74479"},"modified":"2015-08-27T16:32:20","modified_gmt":"2015-08-27T19:32:20","slug":"custo-da-construcao-sobe-712-em-um-ano","status":"publish","type":"post","link":"https:\/\/www.redenoticia.com.br\/noticia\/2015\/custo-da-construcao-sobe-712-em-um-ano\/74479","title":{"rendered":"Custo da constru\u00e7\u00e3o sobe 7,12% em um ano"},"content":{"rendered":"<p> O \u00cdndice Nacional de <strong><em>Custo da Constru\u00e7\u00e3o<\/em><\/strong> do Mercado (INCC-M) subiu de 0,66%, em julho, para 0,80%, em agosto. Desde janeiro, o INCC-M acumula alta de 6,15% e, em 12 meses, 7,12%, informou o Instituto Brasileiro de Economia (Ibre) da Funda\u00e7\u00e3o Getulio Vargas (FGV).<\/p>\n<p>Em agosto, os pre\u00e7os de materiais, equipamentos e servi\u00e7os subiram 0,27%. Em julho, a varia\u00e7\u00e3o foi 0,17%. De janeiro a agosto, esse \u00edndice teve alta de 4,42% e, em 12 meses, 5,93%.<\/p>\n<p>O que mais pesou em agosto foi o grupo de materiais para acabamento, que passou de 0,45% para 0,67%. No que se refere apenas \u00e0 contrata\u00e7\u00e3o de servi\u00e7os, a taxa subiu de 0,23% para 0,58%.<\/p>\n<p>Em rela\u00e7\u00e3o \u00e0 m\u00e3o de obra, o \u00edndice aumentou de 1,1% para 1,27%, puxado pelos reajustes salariais no Distrito Federal e em Porto Alegre. No ano, esse componente de despesa teve eleva\u00e7\u00e3o de 7,7% e, em 12 meses, de 8,2%.<\/p>\n<p>A pesquisa foi feita em sete capitais. Quatro cidades apresentaram aumentos do INCC-M: Bras\u00edlia (de 0,92% para 3,04%); Belo Horizonte (de -0,1% para 0,24%); Rio de Janeiro (de -0,09% para 0,23%) e Porto Alegre (de 0,76% para 3,43%). Em Salvador, a taxa caiu de 0,18% para -0,08% e, em S\u00e3o Paulo, o ritmo de corre\u00e7\u00e3o diminuiu de 1,12% para 0,14%. E, na capital pernambucana, Recife, os custos ficaram est\u00e1veis em 0,02%.<\/p>\n<p>Marli Moreira &#8211; Rep\u00f3rter da Ag\u00eancia Brasil<br \/>\nEdi\u00e7\u00e3o: Jos\u00e9 Romildo<\/p>\n","protected":false},"excerpt":{"rendered":"<p>O \u00cdndice Nacional de Custo da Constru\u00e7\u00e3o do Mercado (INCC-M) subiu de 0,66%, em julho, para 0,80%, em agosto. Desde janeiro, o INCC-M acumula alta de 6,15% e, em 12 meses, 7,12%, informou o Instituto Brasileiro de Economia (Ibre) da Funda\u00e7\u00e3o Getulio Vargas (FGV). Em agosto, os pre\u00e7os de materiais, equipamentos e servi\u00e7os subiram 0,27%. [&hellip;]<\/p>\n","protected":false},"author":2,"featured_media":57584,"comment_status":"open","ping_status":"closed","sticky":false,"template":"","format":"standard","meta":{"_genesis_hide_title":false,"_genesis_hide_breadcrumbs":false,"_genesis_hide_singular_image":false,"_genesis_hide_footer_widgets":false,"_genesis_custom_body_class":"","_genesis_custom_post_class":"","_genesis_layout":"","_jetpack_memberships_contains_paid_content":false,"footnotes":""},"categories":[22,7],"tags":[],"class_list":{"0":"post-74479","1":"post","2":"type-post","3":"status-publish","4":"format-standard","5":"has-post-thumbnail","7":"category-brasil","8":"category-economia","9":"entry","10":"gs-1","11":"gs-odd","12":"gs-even","13":"gs-featured-content-entry"},"jetpack_featured_media_url":"https:\/\/www.redenoticia.com.br\/noticia\/imagens\/economia-grafica-analise-inflacao.jpg","jetpack_sharing_enabled":true,"jetpack_likes_enabled":true,"_links":{"self":[{"href":"https:\/\/www.redenoticia.com.br\/noticia\/wp-json\/wp\/v2\/posts\/74479","targetHints":{"allow":["GET"]}}],"collection":[{"href":"https:\/\/www.redenoticia.com.br\/noticia\/wp-json\/wp\/v2\/posts"}],"about":[{"href":"https:\/\/www.redenoticia.com.br\/noticia\/wp-json\/wp\/v2\/types\/post"}],"author":[{"embeddable":true,"href":"https:\/\/www.redenoticia.com.br\/noticia\/wp-json\/wp\/v2\/users\/2"}],"replies":[{"embeddable":true,"href":"https:\/\/www.redenoticia.com.br\/noticia\/wp-json\/wp\/v2\/comments?post=74479"}],"version-history":[{"count":0,"href":"https:\/\/www.redenoticia.com.br\/noticia\/wp-json\/wp\/v2\/posts\/74479\/revisions"}],"wp:featuredmedia":[{"embeddable":true,"href":"https:\/\/www.redenoticia.com.br\/noticia\/wp-json\/wp\/v2\/media\/57584"}],"wp:attachment":[{"href":"https:\/\/www.redenoticia.com.br\/noticia\/wp-json\/wp\/v2\/media?parent=74479"}],"wp:term":[{"taxonomy":"category","embeddable":true,"href":"https:\/\/www.redenoticia.com.br\/noticia\/wp-json\/wp\/v2\/categories?post=74479"},{"taxonomy":"post_tag","embeddable":true,"href":"https:\/\/www.redenoticia.com.br\/noticia\/wp-json\/wp\/v2\/tags?post=74479"}],"curies":[{"name":"wp","href":"https:\/\/api.w.org\/{rel}","templated":true}]}}