{"id":74477,"date":"2015-08-27T16:31:04","date_gmt":"2015-08-27T19:31:04","guid":{"rendered":"http:\/\/www.redenoticia.com.br\/noticia\/?p=74477"},"modified":"2015-08-27T16:31:04","modified_gmt":"2015-08-27T19:31:04","slug":"faturamento-da-industria-de-maquinas-e-equipamentos-acumula-queda-de-7-no-ano","status":"publish","type":"post","link":"https:\/\/www.redenoticia.com.br\/noticia\/2015\/faturamento-da-industria-de-maquinas-e-equipamentos-acumula-queda-de-7-no-ano\/74477","title":{"rendered":"Faturamento da ind\u00fastria de m\u00e1quinas e equipamentos acumula queda de 7% no ano"},"content":{"rendered":"<p> O <strong><em>faturamento da ind\u00fastria<\/em><\/strong> brasileira de m\u00e1quinas e equipamentos apresentou queda de 0,2% em julho na compara\u00e7\u00e3o com o m\u00eas anterior. Os dados foram divulgados na capital paulista, pela Associa\u00e7\u00e3o Brasileira da Ind\u00fastria de M\u00e1quinas e Equipamentos (Abimaq). No acumulado do ano, o setor registra queda de 7% na receita l\u00edquida em rela\u00e7\u00e3o aos sete primeiros meses de 2014.<\/p>\n<p>De acordo com a entidade, o resultado ruim ocorre apesar da eleva\u00e7\u00e3o do d\u00f3lar, cujo efeito cambial aumenta o valor das exporta\u00e7\u00f5es. No mercado interno, foi registrada retra\u00e7\u00e3o de 9,9% no ano. As vendas para o exterior registraram queda de 18,7% no per\u00edodo de janeiro a julho, na compara\u00e7\u00e3o com igual per\u00edodo do ano passado.<\/p>\n<p>Para o presidente da Abimaq, Carlos Pastoriza, a tend\u00eancia de queda no mercado interno, observada dos \u00faltimos meses, somada a exporta\u00e7\u00f5es fracas, indica que o setor ter\u00e1 retra\u00e7\u00e3o em 2015. \u201cEstimamos uma retra\u00e7\u00e3o maior do que no ano passado\u201d, disse. Caso a previs\u00e3o se confirme, ser\u00e1 a terceira queda consecutiva de receita l\u00edquida da ind\u00fastria de m\u00e1quinas e equipamentos. Em 2013, o faturamento caiu 5% e, em 2014, 12%.<\/p>\n<p>Sobre as oscila\u00e7\u00f5es do c\u00e2mbio, com a desvaloriza\u00e7\u00e3o do real, o que aumenta a atratividade do produto brasileiro no mercado mundial, Pastoriza afirmou que esse movimento n\u00e3o ser\u00e1 suficiente para estimular exporta\u00e7\u00f5es em curto prazo. Ele destacou que o c\u00e2mbio s\u00f3 come\u00e7ou a apresentar forte desvaloriza\u00e7\u00e3o somente em mar\u00e7o deste ano em rela\u00e7\u00e3o a um conjunto de moedas relevantes internacionalmente, n\u00e3o s\u00f3 o d\u00f3lar.<\/p>\n<p>\u201cA competitividade da ind\u00fastria brasileira come\u00e7ou a ser relevante depois disso. Esse per\u00edodo de desvaloriza\u00e7\u00e3o relativo \u00e0 cesta de moeda \u00e9 de mar\u00e7o para c\u00e1. Esse \u00e9 um per\u00edodo curto para que a gente sinta o reflexo disso. Isso vai ter reflexo, se continuar a defasagem da taxa de c\u00e2mbio, s\u00f3 no final deste ano ou no ano que vem, que \u00e9 o tempo de retomar contratos\u201d, disse Pastoriza. Ele lembrou que, antes de mar\u00e7o, o real tinha uma posi\u00e7\u00e3o relevante somente em rela\u00e7\u00e3o aos produtos americanos.<\/p>\n<p>Segundo a Abimaq, nos \u00faltimos 12 meses, foram fechados 33 mil postos de trabalho no setor. Em julho, havia 334 mil pessoas empregadas. No mesmo m\u00eas de 2014, eram 367 mil.<\/p>\n<p>Camila Maciel \u2013 Rep\u00f3rter da Ag\u00eancia Brasil<br \/>\nEdi\u00e7\u00e3o: Juliana Andrade<\/p>\n","protected":false},"excerpt":{"rendered":"<p>O faturamento da ind\u00fastria brasileira de m\u00e1quinas e equipamentos apresentou queda de 0,2% em julho na compara\u00e7\u00e3o com o m\u00eas anterior. Os dados foram divulgados na capital paulista, pela Associa\u00e7\u00e3o Brasileira da Ind\u00fastria de M\u00e1quinas e Equipamentos (Abimaq). No acumulado do ano, o setor registra queda de 7% na receita l\u00edquida em rela\u00e7\u00e3o aos sete [&hellip;]<\/p>\n","protected":false},"author":2,"featured_media":38938,"comment_status":"open","ping_status":"closed","sticky":false,"template":"","format":"standard","meta":{"_genesis_hide_title":false,"_genesis_hide_breadcrumbs":false,"_genesis_hide_singular_image":false,"_genesis_hide_footer_widgets":false,"_genesis_custom_body_class":"","_genesis_custom_post_class":"","_genesis_layout":"","_jetpack_memberships_contains_paid_content":false,"footnotes":""},"categories":[22,7],"tags":[],"class_list":{"0":"post-74477","1":"post","2":"type-post","3":"status-publish","4":"format-standard","5":"has-post-thumbnail","7":"category-brasil","8":"category-economia","9":"entry","10":"gs-1","11":"gs-odd","12":"gs-even","13":"gs-featured-content-entry"},"jetpack_featured_media_url":"https:\/\/www.redenoticia.com.br\/noticia\/imagens\/economia1.jpg","jetpack_sharing_enabled":true,"jetpack_likes_enabled":true,"_links":{"self":[{"href":"https:\/\/www.redenoticia.com.br\/noticia\/wp-json\/wp\/v2\/posts\/74477","targetHints":{"allow":["GET"]}}],"collection":[{"href":"https:\/\/www.redenoticia.com.br\/noticia\/wp-json\/wp\/v2\/posts"}],"about":[{"href":"https:\/\/www.redenoticia.com.br\/noticia\/wp-json\/wp\/v2\/types\/post"}],"author":[{"embeddable":true,"href":"https:\/\/www.redenoticia.com.br\/noticia\/wp-json\/wp\/v2\/users\/2"}],"replies":[{"embeddable":true,"href":"https:\/\/www.redenoticia.com.br\/noticia\/wp-json\/wp\/v2\/comments?post=74477"}],"version-history":[{"count":0,"href":"https:\/\/www.redenoticia.com.br\/noticia\/wp-json\/wp\/v2\/posts\/74477\/revisions"}],"wp:featuredmedia":[{"embeddable":true,"href":"https:\/\/www.redenoticia.com.br\/noticia\/wp-json\/wp\/v2\/media\/38938"}],"wp:attachment":[{"href":"https:\/\/www.redenoticia.com.br\/noticia\/wp-json\/wp\/v2\/media?parent=74477"}],"wp:term":[{"taxonomy":"category","embeddable":true,"href":"https:\/\/www.redenoticia.com.br\/noticia\/wp-json\/wp\/v2\/categories?post=74477"},{"taxonomy":"post_tag","embeddable":true,"href":"https:\/\/www.redenoticia.com.br\/noticia\/wp-json\/wp\/v2\/tags?post=74477"}],"curies":[{"name":"wp","href":"https:\/\/api.w.org\/{rel}","templated":true}]}}