{"id":74475,"date":"2015-08-27T16:29:38","date_gmt":"2015-08-27T19:29:38","guid":{"rendered":"http:\/\/www.redenoticia.com.br\/noticia\/?p=74475"},"modified":"2015-08-27T16:29:38","modified_gmt":"2015-08-27T19:29:38","slug":"empresarios-da-construcao-continuam-pessimistas","status":"publish","type":"post","link":"https:\/\/www.redenoticia.com.br\/noticia\/2015\/empresarios-da-construcao-continuam-pessimistas\/74475","title":{"rendered":"Empres\u00e1rios da constru\u00e7\u00e3o continuam pessimistas"},"content":{"rendered":"<p> A Funda\u00e7\u00e3o Getulio Vargas (FGV) informou que o <strong><em>\u00cdndice de Confian\u00e7a da Constru\u00e7\u00e3o<\/em><\/strong> (ICST) ficou est\u00e1vel, em agosto, na compara\u00e7\u00e3o com julho. O \u00edndice ficou, nos dois meses, em 70,8 pontos. Quanto mais baixa a pontua\u00e7\u00e3o em rela\u00e7\u00e3o a 100, mais negativa \u00e9 a percep\u00e7\u00e3o dos empres\u00e1rios em rela\u00e7\u00e3o aos neg\u00f3cios no momento presente e no futuro.<\/p>\n<p>A pesquisa, denominada Sondagem da Constru\u00e7\u00e3o, ouviu os dirigentes de 673 empresas em todo o pa\u00eds. O indicador ficou no menor n\u00edvel desde julho de 2010, quando o Instituto Brasileiro de Economia (Ibre), da FGV, iniciou a pesquisa.<\/p>\n<p>Por meio de nota, a coordenadora de Projetos da Constru\u00e7\u00e3o do Ibre, Ana Maria Castelo, disse que ainda prevalece entre os empres\u00e1rios um comportamento de ceticismo em rela\u00e7\u00e3o \u00e0 economia do pa\u00eds. Segundo ela, essa percep\u00e7\u00e3o se deve, em parte, \u00e0 redu\u00e7\u00e3o na oferta de recursos do Programa de Acelera\u00e7\u00e3o do Crescimento (PAC) e tamb\u00e9m a atrasos nos repasses do Programa Minha Casa, Minha Vida.<\/p>\n<p>Marli Moreira \u2013 Rep\u00f3rter da Ag\u00eancia Brasil<br \/>\nEdi\u00e7\u00e3o: Jos\u00e9 Romildo<br \/>\n&#8212;<\/p>\n<p>A Empresa Brasil de Comunica\u00e7\u00e3o \u00e9 uma institui\u00e7\u00e3o da democracia brasileira: p\u00fablica, inclusiva e cidad\u00e3.  Criada em 2007 para fortalecer o sistema p\u00fablico de comunica\u00e7\u00e3o, \u00e9 gestora dos canais TV Brasil, TV Brasil Internacional, Ag\u00eancia Brasil, Radioag\u00eancia Nacional e do sistema p\u00fablico de R\u00e1dio \u2013 composto por oito emissoras. Estes, por sua independ\u00eancia editorial, distinguem-se dos canais estatais ou governamentais, com conte\u00fados diferenciados e complementares aos canais privados. Os ve\u00edculos da EBC t\u00eam autonomia para definir produ\u00e7\u00e3o, programa\u00e7\u00e3o e distribui\u00e7\u00e3o de conte\u00fados.<\/p>\n","protected":false},"excerpt":{"rendered":"<p>A Funda\u00e7\u00e3o Getulio Vargas (FGV) informou que o \u00cdndice de Confian\u00e7a da Constru\u00e7\u00e3o (ICST) ficou est\u00e1vel, em agosto, na compara\u00e7\u00e3o com julho. O \u00edndice ficou, nos dois meses, em 70,8 pontos. Quanto mais baixa a pontua\u00e7\u00e3o em rela\u00e7\u00e3o a 100, mais negativa \u00e9 a percep\u00e7\u00e3o dos empres\u00e1rios em rela\u00e7\u00e3o aos neg\u00f3cios no momento presente e [&hellip;]<\/p>\n","protected":false},"author":2,"featured_media":40517,"comment_status":"open","ping_status":"closed","sticky":false,"template":"","format":"standard","meta":{"_genesis_hide_title":false,"_genesis_hide_breadcrumbs":false,"_genesis_hide_singular_image":false,"_genesis_hide_footer_widgets":false,"_genesis_custom_body_class":"","_genesis_custom_post_class":"","_genesis_layout":"","_jetpack_memberships_contains_paid_content":false,"footnotes":""},"categories":[22,7],"tags":[],"class_list":{"0":"post-74475","1":"post","2":"type-post","3":"status-publish","4":"format-standard","5":"has-post-thumbnail","7":"category-brasil","8":"category-economia","9":"entry","10":"gs-1","11":"gs-odd","12":"gs-even","13":"gs-featured-content-entry"},"jetpack_featured_media_url":"https:\/\/www.redenoticia.com.br\/noticia\/imagens\/economia-previsao.jpg","jetpack_sharing_enabled":true,"jetpack_likes_enabled":true,"_links":{"self":[{"href":"https:\/\/www.redenoticia.com.br\/noticia\/wp-json\/wp\/v2\/posts\/74475","targetHints":{"allow":["GET"]}}],"collection":[{"href":"https:\/\/www.redenoticia.com.br\/noticia\/wp-json\/wp\/v2\/posts"}],"about":[{"href":"https:\/\/www.redenoticia.com.br\/noticia\/wp-json\/wp\/v2\/types\/post"}],"author":[{"embeddable":true,"href":"https:\/\/www.redenoticia.com.br\/noticia\/wp-json\/wp\/v2\/users\/2"}],"replies":[{"embeddable":true,"href":"https:\/\/www.redenoticia.com.br\/noticia\/wp-json\/wp\/v2\/comments?post=74475"}],"version-history":[{"count":0,"href":"https:\/\/www.redenoticia.com.br\/noticia\/wp-json\/wp\/v2\/posts\/74475\/revisions"}],"wp:featuredmedia":[{"embeddable":true,"href":"https:\/\/www.redenoticia.com.br\/noticia\/wp-json\/wp\/v2\/media\/40517"}],"wp:attachment":[{"href":"https:\/\/www.redenoticia.com.br\/noticia\/wp-json\/wp\/v2\/media?parent=74475"}],"wp:term":[{"taxonomy":"category","embeddable":true,"href":"https:\/\/www.redenoticia.com.br\/noticia\/wp-json\/wp\/v2\/categories?post=74475"},{"taxonomy":"post_tag","embeddable":true,"href":"https:\/\/www.redenoticia.com.br\/noticia\/wp-json\/wp\/v2\/tags?post=74475"}],"curies":[{"name":"wp","href":"https:\/\/api.w.org\/{rel}","templated":true}]}}