{"id":74443,"date":"2015-08-26T16:51:09","date_gmt":"2015-08-26T19:51:09","guid":{"rendered":"http:\/\/www.redenoticia.com.br\/noticia\/?p=74443"},"modified":"2015-08-26T16:51:09","modified_gmt":"2015-08-26T19:51:09","slug":"taxa-de-desemprego-da-regiao-metropolitana-de-sao-paulo-atinge-137-em-julho","status":"publish","type":"post","link":"https:\/\/www.redenoticia.com.br\/noticia\/2015\/taxa-de-desemprego-da-regiao-metropolitana-de-sao-paulo-atinge-137-em-julho\/74443","title":{"rendered":"Taxa de desemprego da regi\u00e3o metropolitana de S\u00e3o Paulo atinge 13,7% em julho"},"content":{"rendered":"<p>A <strong><em>taxa de desemprego<\/em><\/strong> na regi\u00e3o metropolitana de S\u00e3o Paulo apresentou eleva\u00e7\u00e3o de 13,2% em junho para 13,7% em julho, segundo a Pesquisa de Emprego e Desemprego (PED), elaborada pela Funda\u00e7\u00e3o Sistema Estadual de An\u00e1lise de Dados (Funda\u00e7\u00e3o Seade) e pelo Departamento Intersindical de Estat\u00edstica e Estudos Socioecon\u00f4micos (Dieese), divulgada na capital paulista. Essa foi a sexta queda consecutiva.<\/p>\n<p>O coordenador da pesquisa da PED, Alexandre Loloian, disse que o aumento da taxa de desemprego registrado no m\u00eas de julho \u00e9 um fato in\u00e9dito e n\u00e3o esperado. &#8220;Esse resultado at\u00edpico mostra um primeiro semestre diferente de todos os outros da s\u00e9rie. At\u00e9 agora a taxa de desemprego vinha crescendo mais influenciada pelo aumento de pessoas na for\u00e7a de trabalho, mas desta vez o que contribuiu para o crescimento da taxa foi a desocupa\u00e7\u00e3o. A taxa s\u00f3 n\u00e3o foi maior porque houve menos pessoas procurando emprego\u201d.<\/p>\n<p>Segundo os dados, o contingente de desempregados chegou a 1,514 milh\u00e3o de pessoas, 47 mil a mais do que no m\u00eas anterior. A pesquisa informa que houve diminui\u00e7\u00e3o do n\u00edvel de ocupa\u00e7\u00e3o com a elimina\u00e7\u00e3o de 109 mil postos de trabalho (-1,1%) e a sa\u00edda de 62 mil pessoas da Popula\u00e7\u00e3o Economicamente Ativa, o que representa uma redu\u00e7\u00e3o de 0,6%.<\/p>\n<p>De acordo com a PED, de junho para julho a taxa de desemprego aumentou no munic\u00edpio de S\u00e3o Paulo de 13,5% para 13,8%. Nos demais munic\u00edpios da regi\u00e3o metropolitana de S\u00e3o Paulo, a taxa de desemprego passou de 12,8% para 13,6%. Na regi\u00e3o do ABC, houve diminui\u00e7\u00e3o de 13% para 12,7%.<\/p>\n<p>Os dados mostram tamb\u00e9m que, em julho, o n\u00edvel de ocupa\u00e7\u00e3o caiu 1,1% \u2013 o n\u00famero de ocupados foi estimado em 9,535 milh\u00f5es de pessoas. O resultado ocorreu em raz\u00e3o da queda de empregados no setor de servi\u00e7os (-1,3%, com elimina\u00e7\u00e3o de 73 mil postos de trabalho), na constru\u00e7\u00e3o (-6,3%, com menos 46 mil vagas), na ind\u00fastria de transforma\u00e7\u00e3o (-1,1%, com menos 17 mil empregos), n\u00e3o compensada pelo aumento no com\u00e9rcio e repara\u00e7\u00e3o de ve\u00edculos automotores e motocicletas (0,5%, com gera\u00e7\u00e3o de 9 mil postos de trabalho).<\/p>\n<p>Rendimento<\/p>\n<p>De acordo com a PED, entre junho e julho o rendimento m\u00e9dio real dos ocupados e assalariados foi R$ 1.928,00 e R$1.945,00. A massa de rendimentos dos ocupados caiu 1,8% e a dos assalariados 1,1%. O n\u00famero de assalariados caiu 1,3% em julho. No setor privado, o emprego com carteira assinada caiu 2,2% e o sem carteira aumentou 2,8%. A quantidade de aut\u00f4nomos caiu 1,8% e os empregados dom\u00e9sticos aumentaram em 3,9%.<\/p>\n<p>\u201cComo o desemprego e a redu\u00e7\u00e3o do n\u00edvel de atividade est\u00e1 afetando o setor privado, tivemos uma redu\u00e7\u00e3o forte do emprego assalariado com carteira assinada. Os empregos sem carteira j\u00e1 estavam muito baixos, mas os com carteira vinham mantendo uma estabilidade nos \u00faltimos doze meses. Mas este m\u00eas [o indicador] caiu muito fortemente. Tamb\u00e9m come\u00e7amos a destruir os bons empregos\u201d, afirmou.<\/p>\n<p>Loloian explicou ainda que a queda do sal\u00e1rio \u00e9 resultado do alto custo de vida e da infla\u00e7\u00e3o sobre o poder de compra das pessoas. \u201cEste ano est\u00e1 at\u00edpico em todos os sentidos. Est\u00e1vamos acostumados a ver o rendimento subindo a cada m\u00eas e agora est\u00e1 caindo\u201d.<\/p>\n<p>Na avalia\u00e7\u00e3o de Loloian, o normal \u00e9 esperar que no segundo semestre haja uma recupera\u00e7\u00e3o, mas os sinais indicam que o comportamento n\u00e3o se repetir\u00e1 como nos anos anteriores. \u201cAlguma melhoria \u00e9 tradicional nesse per\u00edodo, mas a tradi\u00e7\u00e3o s\u00f3 se mant\u00e9m se as outras tradi\u00e7\u00f5es se mantiverem. Ningu\u00e9m vai sair gastando se n\u00e3o tem dinheiro e se est\u00e1 com medo de perder o emprego\u201d.<\/p>\n<p>Fl\u00e1via Albuquerque \u2013 Rep\u00f3rter da Ag\u00eancia Brasil<br \/>\nEdi\u00e7\u00e3o: Jos\u00e9 Romildo<\/p>\n","protected":false},"excerpt":{"rendered":"<p>A taxa de desemprego na regi\u00e3o metropolitana de S\u00e3o Paulo apresentou eleva\u00e7\u00e3o de 13,2% em junho para 13,7% em julho, segundo a Pesquisa de Emprego e Desemprego (PED), elaborada pela Funda\u00e7\u00e3o Sistema Estadual de An\u00e1lise de Dados (Funda\u00e7\u00e3o Seade) e pelo Departamento Intersindical de Estat\u00edstica e Estudos Socioecon\u00f4micos (Dieese), divulgada na capital paulista. Essa foi [&hellip;]<\/p>\n","protected":false},"author":2,"featured_media":57585,"comment_status":"open","ping_status":"closed","sticky":false,"template":"","format":"standard","meta":{"_genesis_hide_title":false,"_genesis_hide_breadcrumbs":false,"_genesis_hide_singular_image":false,"_genesis_hide_footer_widgets":false,"_genesis_custom_body_class":"","_genesis_custom_post_class":"","_genesis_layout":"","_jetpack_memberships_contains_paid_content":false,"footnotes":""},"categories":[22,7],"tags":[],"class_list":{"0":"post-74443","1":"post","2":"type-post","3":"status-publish","4":"format-standard","5":"has-post-thumbnail","7":"category-brasil","8":"category-economia","9":"entry","10":"gs-1","11":"gs-odd","12":"gs-even","13":"gs-featured-content-entry"},"jetpack_featured_media_url":"https:\/\/www.redenoticia.com.br\/noticia\/imagens\/analise-economia.jpg","jetpack_sharing_enabled":true,"jetpack_likes_enabled":true,"_links":{"self":[{"href":"https:\/\/www.redenoticia.com.br\/noticia\/wp-json\/wp\/v2\/posts\/74443","targetHints":{"allow":["GET"]}}],"collection":[{"href":"https:\/\/www.redenoticia.com.br\/noticia\/wp-json\/wp\/v2\/posts"}],"about":[{"href":"https:\/\/www.redenoticia.com.br\/noticia\/wp-json\/wp\/v2\/types\/post"}],"author":[{"embeddable":true,"href":"https:\/\/www.redenoticia.com.br\/noticia\/wp-json\/wp\/v2\/users\/2"}],"replies":[{"embeddable":true,"href":"https:\/\/www.redenoticia.com.br\/noticia\/wp-json\/wp\/v2\/comments?post=74443"}],"version-history":[{"count":0,"href":"https:\/\/www.redenoticia.com.br\/noticia\/wp-json\/wp\/v2\/posts\/74443\/revisions"}],"wp:featuredmedia":[{"embeddable":true,"href":"https:\/\/www.redenoticia.com.br\/noticia\/wp-json\/wp\/v2\/media\/57585"}],"wp:attachment":[{"href":"https:\/\/www.redenoticia.com.br\/noticia\/wp-json\/wp\/v2\/media?parent=74443"}],"wp:term":[{"taxonomy":"category","embeddable":true,"href":"https:\/\/www.redenoticia.com.br\/noticia\/wp-json\/wp\/v2\/categories?post=74443"},{"taxonomy":"post_tag","embeddable":true,"href":"https:\/\/www.redenoticia.com.br\/noticia\/wp-json\/wp\/v2\/tags?post=74443"}],"curies":[{"name":"wp","href":"https:\/\/api.w.org\/{rel}","templated":true}]}}