{"id":74441,"date":"2015-08-26T16:50:15","date_gmt":"2015-08-26T19:50:15","guid":{"rendered":"http:\/\/www.redenoticia.com.br\/noticia\/?p=74441"},"modified":"2015-08-26T16:50:15","modified_gmt":"2015-08-26T19:50:15","slug":"inflacao-na-saida-das-fabricas-chega-a-762-em-12-meses","status":"publish","type":"post","link":"https:\/\/www.redenoticia.com.br\/noticia\/2015\/inflacao-na-saida-das-fabricas-chega-a-762-em-12-meses\/74441","title":{"rendered":"Infla\u00e7\u00e3o na sa\u00edda das f\u00e1bricas chega a 7,62% em 12 meses"},"content":{"rendered":"<p>O <strong><em>\u00cdndice de Pre\u00e7os ao Produtor<\/em><\/strong> (IPP), que mede a varia\u00e7\u00e3o de pre\u00e7os dos produtos na sa\u00edda das f\u00e1bricas, ficou em 0,68% em julho deste ano. O IPP acumula taxa de 3,67% no ano. Em 12 meses, o indicador acumula infla\u00e7\u00e3o de 7,62%, taxa superior aos 6,6% de junho. As informa\u00e7\u00f5es foram divulgadas pelo Instituto Brasileiro de Geografia e Estat\u00edstica (IBGE).<\/p>\n<p>A taxa de julho \u00e9 superior \u00e0 observada no m\u00eas anterior (0,34%). Em julho de 2014, o IPP registrou defla\u00e7\u00e3o (queda de pre\u00e7os) de 0,28%.<\/p>\n<p>Em julho deste ano, os produtos que mais influenciaram a infla\u00e7\u00e3o foram os alimentos (1,17%). O resultado pode ser explicado, principalmente, pelo aumento dos pre\u00e7os dos res\u00edduos da extra\u00e7\u00e3o de soja, carnes bovinas, sucos de laranja e ra\u00e7\u00f5es para animais.<\/p>\n<p>Outros produtos que tiveram impacto importante na infla\u00e7\u00e3o de julho foram os resultantes do refino de petr\u00f3leo e produtos de \u00e1lcool (1,43%), outros equipamentos de transporte (2,4%) e borracha e pl\u00e1stico (1,47%). Ao todo, 16 dos 23 setores da ind\u00fastria da transforma\u00e7\u00e3o pesquisados pelo IBGE tiveram infla\u00e7\u00e3o.<\/p>\n<p>Sete atividades tiveram defla\u00e7\u00e3o, entre elas, metalurgia (-0,62%), madeira (-0,57%) e farmac\u00eautica (-0,44%).<\/p>\n<p>Vitor Abdala \u2013 Rep\u00f3rter da Ag\u00eancia Brasil<br \/>\nEdi\u00e7\u00e3o: Jos\u00e9 Romildo<\/p>\n","protected":false},"excerpt":{"rendered":"<p>O \u00cdndice de Pre\u00e7os ao Produtor (IPP), que mede a varia\u00e7\u00e3o de pre\u00e7os dos produtos na sa\u00edda das f\u00e1bricas, ficou em 0,68% em julho deste ano. O IPP acumula taxa de 3,67% no ano. Em 12 meses, o indicador acumula infla\u00e7\u00e3o de 7,62%, taxa superior aos 6,6% de junho. As informa\u00e7\u00f5es foram divulgadas pelo Instituto [&hellip;]<\/p>\n","protected":false},"author":2,"featured_media":57584,"comment_status":"open","ping_status":"closed","sticky":false,"template":"","format":"standard","meta":{"_genesis_hide_title":false,"_genesis_hide_breadcrumbs":false,"_genesis_hide_singular_image":false,"_genesis_hide_footer_widgets":false,"_genesis_custom_body_class":"","_genesis_custom_post_class":"","_genesis_layout":"","_jetpack_memberships_contains_paid_content":false,"footnotes":""},"categories":[22,7],"tags":[],"class_list":{"0":"post-74441","1":"post","2":"type-post","3":"status-publish","4":"format-standard","5":"has-post-thumbnail","7":"category-brasil","8":"category-economia","9":"entry","10":"gs-1","11":"gs-odd","12":"gs-even","13":"gs-featured-content-entry"},"jetpack_featured_media_url":"https:\/\/www.redenoticia.com.br\/noticia\/imagens\/economia-grafica-analise-inflacao.jpg","jetpack_sharing_enabled":true,"jetpack_likes_enabled":true,"_links":{"self":[{"href":"https:\/\/www.redenoticia.com.br\/noticia\/wp-json\/wp\/v2\/posts\/74441","targetHints":{"allow":["GET"]}}],"collection":[{"href":"https:\/\/www.redenoticia.com.br\/noticia\/wp-json\/wp\/v2\/posts"}],"about":[{"href":"https:\/\/www.redenoticia.com.br\/noticia\/wp-json\/wp\/v2\/types\/post"}],"author":[{"embeddable":true,"href":"https:\/\/www.redenoticia.com.br\/noticia\/wp-json\/wp\/v2\/users\/2"}],"replies":[{"embeddable":true,"href":"https:\/\/www.redenoticia.com.br\/noticia\/wp-json\/wp\/v2\/comments?post=74441"}],"version-history":[{"count":0,"href":"https:\/\/www.redenoticia.com.br\/noticia\/wp-json\/wp\/v2\/posts\/74441\/revisions"}],"wp:featuredmedia":[{"embeddable":true,"href":"https:\/\/www.redenoticia.com.br\/noticia\/wp-json\/wp\/v2\/media\/57584"}],"wp:attachment":[{"href":"https:\/\/www.redenoticia.com.br\/noticia\/wp-json\/wp\/v2\/media?parent=74441"}],"wp:term":[{"taxonomy":"category","embeddable":true,"href":"https:\/\/www.redenoticia.com.br\/noticia\/wp-json\/wp\/v2\/categories?post=74441"},{"taxonomy":"post_tag","embeddable":true,"href":"https:\/\/www.redenoticia.com.br\/noticia\/wp-json\/wp\/v2\/tags?post=74441"}],"curies":[{"name":"wp","href":"https:\/\/api.w.org\/{rel}","templated":true}]}}