{"id":74439,"date":"2015-08-26T16:48:48","date_gmt":"2015-08-26T19:48:48","guid":{"rendered":"http:\/\/www.redenoticia.com.br\/noticia\/?p=74439"},"modified":"2015-08-26T16:48:48","modified_gmt":"2015-08-26T19:48:48","slug":"governo-divulga-primeiro-lote-de-imoveis-da-uniao-para-venda","status":"publish","type":"post","link":"https:\/\/www.redenoticia.com.br\/noticia\/2015\/governo-divulga-primeiro-lote-de-imoveis-da-uniao-para-venda\/74439","title":{"rendered":"Governo divulga primeiro lote de im\u00f3veis da Uni\u00e3o para venda"},"content":{"rendered":"<p>O <em><strong>governo federal divulgou o primeiro lote de im\u00f3veis para venda<\/strong><\/em>, dentro da proposta de redu\u00e7\u00e3o de despesas e racionaliza\u00e7\u00e3o de gastos da Uni\u00e3o.\u00a0 publicada no Di\u00e1rio Oficial da Uni\u00e3o traz a lista desses im\u00f3veis em v\u00e1rias estados, o valor e os endere\u00e7os.<\/p>\n<p>Na \u00faltima segunda-feira (24), o ministro do Planejamento, Nelson Barbosa, anunciou uma s\u00e9rie de medidas , que incluem a redu\u00e7\u00e3o do n\u00famero de minist\u00e9rios e a venda de im\u00f3veis da Uni\u00e3o, al\u00e9m da regulariza\u00e7\u00e3o de terrenos.<\/p>\n<p>Os im\u00f3veis anunciados est\u00e3o localizados nos estados do Amazonas, da Bahia, de Minas Gerais, Pernambuco, do Rio de Janeiro, Rio Grande do Sul e de S\u00e3o Paulo. O mais caro est\u00e1 avaliado em R$ 32 milh\u00f5es e o mais barato em R$ 178 mil. O total das aliena\u00e7\u00f5es indicadas no Di\u00e1rio Oficial ultrapassa R$ 94 milh\u00f5es. De acordo com o Minist\u00e9rio do Planejamento, esse \u00e9 o valor m\u00ednimo esperado com a venda dos im\u00f3veis.<\/p>\n<p>Segundo a portaria, os im\u00f3veis ser\u00e3o alienados nas condi\u00e7\u00f5es em que se encontram, sendo de responsabilidade do comprador quaisquer despesas necess\u00e1rias \u00e0 sua utiliza\u00e7\u00e3o.<\/p>\n<p>As superintend\u00eancias do Patrim\u00f4nio da Uni\u00e3o nos estados dever\u00e3o, no prazo m\u00e1ximo de 15 dias a partir da publica\u00e7\u00e3o desta portaria, abrir procedimento licitat\u00f3rio para a aliena\u00e7\u00e3o do primeiro lote, a ser conduzido, em todas as etapas, por meio de Comiss\u00e3o de Licita\u00e7\u00e3o, com assist\u00eancia direta da Comiss\u00e3o de Acompanhamento Nacional, de modo a assegurar o bom andamento dos trabalhos e a melhor oferta \u00e0 Uni\u00e3o.<\/p>\n<p>As informa\u00e7\u00f5es relativas ao local, \u00e0 data e ao hor\u00e1rio para a realiza\u00e7\u00e3o dos certames, al\u00e9m de outras condi\u00e7\u00f5es a serem estipuladas pelas superintend\u00eancias designadas, constar\u00e3o nos respectivos editais de Licita\u00e7\u00e3o que ser\u00e3o publicados no Di\u00e1rio Oficial da Uni\u00e3o.<\/p>\n<p>Daniel Lima* &#8211; Rep\u00f3rter da Ag\u00eancia Brasil<br \/>\n*Colaborou Kelly Oliveira<\/p>\n<p>Edi\u00e7\u00e3o: Gra\u00e7a Adjuto<\/p>\n","protected":false},"excerpt":{"rendered":"<p>O governo federal divulgou o primeiro lote de im\u00f3veis para venda, dentro da proposta de redu\u00e7\u00e3o de despesas e racionaliza\u00e7\u00e3o de gastos da Uni\u00e3o.\u00a0 publicada no Di\u00e1rio Oficial da Uni\u00e3o traz a lista desses im\u00f3veis em v\u00e1rias estados, o valor e os endere\u00e7os. Na \u00faltima segunda-feira (24), o ministro do Planejamento, Nelson Barbosa, anunciou uma [&hellip;]<\/p>\n","protected":false},"author":2,"featured_media":34681,"comment_status":"open","ping_status":"closed","sticky":false,"template":"","format":"standard","meta":{"_genesis_hide_title":false,"_genesis_hide_breadcrumbs":false,"_genesis_hide_singular_image":false,"_genesis_hide_footer_widgets":false,"_genesis_custom_body_class":"","_genesis_custom_post_class":"","_genesis_layout":"","_jetpack_memberships_contains_paid_content":false,"footnotes":""},"categories":[22,7],"tags":[],"class_list":{"0":"post-74439","1":"post","2":"type-post","3":"status-publish","4":"format-standard","5":"has-post-thumbnail","7":"category-brasil","8":"category-economia","9":"entry","10":"gs-1","11":"gs-odd","12":"gs-even","13":"gs-featured-content-entry"},"jetpack_featured_media_url":"https:\/\/www.redenoticia.com.br\/noticia\/imagens\/secovi-sp.jpg","jetpack_sharing_enabled":true,"jetpack_likes_enabled":true,"_links":{"self":[{"href":"https:\/\/www.redenoticia.com.br\/noticia\/wp-json\/wp\/v2\/posts\/74439","targetHints":{"allow":["GET"]}}],"collection":[{"href":"https:\/\/www.redenoticia.com.br\/noticia\/wp-json\/wp\/v2\/posts"}],"about":[{"href":"https:\/\/www.redenoticia.com.br\/noticia\/wp-json\/wp\/v2\/types\/post"}],"author":[{"embeddable":true,"href":"https:\/\/www.redenoticia.com.br\/noticia\/wp-json\/wp\/v2\/users\/2"}],"replies":[{"embeddable":true,"href":"https:\/\/www.redenoticia.com.br\/noticia\/wp-json\/wp\/v2\/comments?post=74439"}],"version-history":[{"count":0,"href":"https:\/\/www.redenoticia.com.br\/noticia\/wp-json\/wp\/v2\/posts\/74439\/revisions"}],"wp:featuredmedia":[{"embeddable":true,"href":"https:\/\/www.redenoticia.com.br\/noticia\/wp-json\/wp\/v2\/media\/34681"}],"wp:attachment":[{"href":"https:\/\/www.redenoticia.com.br\/noticia\/wp-json\/wp\/v2\/media?parent=74439"}],"wp:term":[{"taxonomy":"category","embeddable":true,"href":"https:\/\/www.redenoticia.com.br\/noticia\/wp-json\/wp\/v2\/categories?post=74439"},{"taxonomy":"post_tag","embeddable":true,"href":"https:\/\/www.redenoticia.com.br\/noticia\/wp-json\/wp\/v2\/tags?post=74439"}],"curies":[{"name":"wp","href":"https:\/\/api.w.org\/{rel}","templated":true}]}}