{"id":74391,"date":"2015-08-25T16:07:47","date_gmt":"2015-08-25T19:07:47","guid":{"rendered":"http:\/\/www.redenoticia.com.br\/noticia\/?p=74391"},"modified":"2015-08-25T16:07:47","modified_gmt":"2015-08-25T19:07:47","slug":"percentual-de-familias-inadimplentes-no-pais-sobe-para-224-diz-cnc","status":"publish","type":"post","link":"https:\/\/www.redenoticia.com.br\/noticia\/2015\/percentual-de-familias-inadimplentes-no-pais-sobe-para-224-diz-cnc\/74391","title":{"rendered":"Percentual de fam\u00edlias inadimplentes no pa\u00eds sobe para 22,4%, diz CNC"},"content":{"rendered":"<p> O percentual de <strong><em>fam\u00edlias inadimplentes<\/em><\/strong> cresceu em agosto deste ano, de acordo com a Pesquisa Nacional de Endividamento e Inadimpl\u00eancia do Consumidor (Peic), divulgada pela Confedera\u00e7\u00e3o Nacional do Com\u00e9rcio de Bens, Servi\u00e7os e Turismo (CNC). Segundo o levantamento, 22,4% das fam\u00edlias t\u00eam d\u00edvidas ou contas em atraso.<\/p>\n<p> O percentual de inadimplentes supera o de julho deste ano (21,5%) e o de agosto do ano passado (19,2%). A taxa de agosto deste ano \u00e9 a maior desde julho de 2013, quando foi observado o mesmo percentual (22,4%).<\/p>\n<p>Em m\u00e9dia, o tempo de atraso das d\u00edvidas \u00e9 de 60,9 dias. A pesquisa mostrou ainda que as fam\u00edlias que n\u00e3o ter\u00e3o condi\u00e7\u00f5es de pagar suas contas ou d\u00edvidas somam 8,4% do total neste m\u00eas, percentual tamb\u00e9m superior ao de julho deste ano (8,1%) e ao de agosto do ano passado (6,5%).<\/p>\n<p>A CNC tamb\u00e9m mostrou que o percentual de fam\u00edlias endividadas, mas n\u00e3o necessariamente com d\u00edvidas ou contas em atraso, chegou a 62,7% em agosto deste ano, superior aos 61,9% do m\u00eas anterior, mas abaixo dos 63,6% de agosto de 2014.<\/p>\n<p>A maior parte das d\u00edvidas \u00e9 com cart\u00e3o de cr\u00e9dito (77,7%), carn\u00ea (16,5%) e financiamento de carro (13,9%).<\/p>\n<p>*Mat\u00e9ria alterada \u00e0s 11h32 do dia 25\/07\/15 para corrigir informa\u00e7\u00e3o. Diferentemente do que o texto informava, a taxa de inadimpl\u00eancia de agosto deste ano \u00e9 a maior desde julho de 2013, e n\u00e3o de setembro.<\/p>\n<p>Vitor Abdala \u2013 Rep\u00f3rter da Ag\u00eancia Brasil<br \/>\nEdi\u00e7\u00e3o: Talita Cavalcante<\/p>\n","protected":false},"excerpt":{"rendered":"<p>O percentual de fam\u00edlias inadimplentes cresceu em agosto deste ano, de acordo com a Pesquisa Nacional de Endividamento e Inadimpl\u00eancia do Consumidor (Peic), divulgada pela Confedera\u00e7\u00e3o Nacional do Com\u00e9rcio de Bens, Servi\u00e7os e Turismo (CNC). Segundo o levantamento, 22,4% das fam\u00edlias t\u00eam d\u00edvidas ou contas em atraso. O percentual de inadimplentes supera o de julho [&hellip;]<\/p>\n","protected":false},"author":2,"featured_media":57582,"comment_status":"open","ping_status":"closed","sticky":false,"template":"","format":"standard","meta":{"_genesis_hide_title":false,"_genesis_hide_breadcrumbs":false,"_genesis_hide_singular_image":false,"_genesis_hide_footer_widgets":false,"_genesis_custom_body_class":"","_genesis_custom_post_class":"","_genesis_layout":"","_jetpack_memberships_contains_paid_content":false,"footnotes":""},"categories":[22,7],"tags":[],"class_list":{"0":"post-74391","1":"post","2":"type-post","3":"status-publish","4":"format-standard","5":"has-post-thumbnail","7":"category-brasil","8":"category-economia","9":"entry","10":"gs-1","11":"gs-odd","12":"gs-even","13":"gs-featured-content-entry"},"jetpack_featured_media_url":"https:\/\/www.redenoticia.com.br\/noticia\/imagens\/grafico1.jpg","jetpack_sharing_enabled":true,"jetpack_likes_enabled":true,"_links":{"self":[{"href":"https:\/\/www.redenoticia.com.br\/noticia\/wp-json\/wp\/v2\/posts\/74391","targetHints":{"allow":["GET"]}}],"collection":[{"href":"https:\/\/www.redenoticia.com.br\/noticia\/wp-json\/wp\/v2\/posts"}],"about":[{"href":"https:\/\/www.redenoticia.com.br\/noticia\/wp-json\/wp\/v2\/types\/post"}],"author":[{"embeddable":true,"href":"https:\/\/www.redenoticia.com.br\/noticia\/wp-json\/wp\/v2\/users\/2"}],"replies":[{"embeddable":true,"href":"https:\/\/www.redenoticia.com.br\/noticia\/wp-json\/wp\/v2\/comments?post=74391"}],"version-history":[{"count":0,"href":"https:\/\/www.redenoticia.com.br\/noticia\/wp-json\/wp\/v2\/posts\/74391\/revisions"}],"wp:featuredmedia":[{"embeddable":true,"href":"https:\/\/www.redenoticia.com.br\/noticia\/wp-json\/wp\/v2\/media\/57582"}],"wp:attachment":[{"href":"https:\/\/www.redenoticia.com.br\/noticia\/wp-json\/wp\/v2\/media?parent=74391"}],"wp:term":[{"taxonomy":"category","embeddable":true,"href":"https:\/\/www.redenoticia.com.br\/noticia\/wp-json\/wp\/v2\/categories?post=74391"},{"taxonomy":"post_tag","embeddable":true,"href":"https:\/\/www.redenoticia.com.br\/noticia\/wp-json\/wp\/v2\/tags?post=74391"}],"curies":[{"name":"wp","href":"https:\/\/api.w.org\/{rel}","templated":true}]}}