{"id":74389,"date":"2015-08-25T16:06:47","date_gmt":"2015-08-25T19:06:47","guid":{"rendered":"http:\/\/www.redenoticia.com.br\/noticia\/?p=74389"},"modified":"2015-08-25T16:06:47","modified_gmt":"2015-08-25T19:06:47","slug":"brasil-tem-deficit-em-transacoes-correntes-de-us-61-bilhoes-em-julho","status":"publish","type":"post","link":"https:\/\/www.redenoticia.com.br\/noticia\/2015\/brasil-tem-deficit-em-transacoes-correntes-de-us-61-bilhoes-em-julho\/74389","title":{"rendered":"Brasil tem d\u00e9ficit em transa\u00e7\u00f5es correntes de US$ 6,1 bilh\u00f5es em julho"},"content":{"rendered":"<p> O Brasil registrou <strong><em>saldo negativo em transa\u00e7\u00f5es correntes<\/em><\/strong> \u2013 compras e vendas de mercadorias e servi\u00e7os do pa\u00eds com o mundo \u2013 de US$ 6,163 bilh\u00f5es, no m\u00eas de julho, informou o Banco Central.<\/p>\n<p>Em julho do ano passado, o d\u00e9ficit alcan\u00e7ou US$ 9,263 bilh\u00f5es. De janeiro a julho deste ano, o d\u00e9ficit em transa\u00e7\u00f5es correntes chegou a US$ 44,094 bilh\u00f5es. No mesmo per\u00edodo do ano passado, esse d\u00e9ficit chegou a US$ 58,332 bilh\u00f5es.<\/p>\n<p>Ao comentar a queda do saldo negativo das transa\u00e7\u00f5es correntes, o chefe do Departamento Econ\u00f4mico do Banco Central, T\u00falio Maciel, disse que os n\u00fameros refletem o atual dinamismo da economia brasileira, com ritmo menor do que no ano passado. &#8220;Isso tem impacto nas contas\u201d, disse Maciel.<\/p>\n<p>No m\u00eas passado, a conta de servi\u00e7os (viagens internacionais, transportes, aluguel de equipamentos, seguros, entre outros) contribuiu para o resultado negativo das transa\u00e7\u00f5es correntes, com d\u00e9ficit de US$ 3,336 bilh\u00f5es. Na conta de renda prim\u00e1ria (lucros e dividendos, pagamentos de juros e sal\u00e1rios), o saldo negativo ficou em US$ 5,214 bilh\u00f5es.<\/p>\n<p>A conta de renda secund\u00e1ria (gerada em uma economia e distribu\u00edda para outra, como doa\u00e7\u00f5es e remessas de d\u00f3lares, sem contrapartida de servi\u00e7os ou bens) apresentou, em julho, resultado positivo de US$ 241 milh\u00f5es, assim como a balan\u00e7a comercial (exporta\u00e7\u00f5es e importa\u00e7\u00f5es), de US$ 2,146 bilh\u00f5es.<\/p>\n<p>O resultado positivo da balan\u00e7a comercial, segundo T\u00falio Maciel, se deve \u00e0 movimenta\u00e7\u00e3o da taxa de c\u00e2mbio, que j\u00e1 se valorizou 30% em rela\u00e7\u00e3o aos n\u00fameros do ano passado.<\/p>\n<p>Conforme Maciel, em raz\u00e3o da valoriza\u00e7\u00e3o do d\u00f3lar, \u201cas exporta\u00e7\u00f5es ficaram mais competitivas\u201d.<\/p>\n<p>Em julho, o Investimento Direto no Pa\u00eds (IDP) chegou a US$ 5,994 bilh\u00f5es, acumulando US$ 36,926 bilh\u00f5es, nos sete meses do ano.<\/p>\n<p>O investimento em a\u00e7\u00f5es negociadas no Brasil e no exterior chegou a US$ 234 milh\u00f5es, no m\u00eas passado, e a US$ 11,045 bilh\u00f5es, no acumulado do ano. Para o investimento em t\u00edtulos negociados no pa\u00eds, houve mais sa\u00edda do que ingresso de investimentos, com saldo negativo de US$ 3,022 bilh\u00f5es, em julho. Nos sete meses, o saldo ficou positivo em US$ 17,798 bilh\u00f5es.<\/p>\n<p>Quando o pa\u00eds tem d\u00e9ficit em conta-corrente, ou seja, gasta al\u00e9m da renda do pa\u00eds, \u00e9 preciso financiar esse resultado com investimentos estrangeiros ou tomar dinheiro emprestado no exterior. O IDP, recursos que entram no Brasil e v\u00e3o para o setor produtivo da economia, \u00e9 considerado a melhor forma de financiar projetos de longo prazo.<\/p>\n<p>Daniel Lima \u2013 Rep\u00f3rter da Ag\u00eancia Brasil<br \/>\nEdi\u00e7\u00e3o: Jos\u00e9 Romildo<\/p>\n","protected":false},"excerpt":{"rendered":"<p>O Brasil registrou saldo negativo em transa\u00e7\u00f5es correntes \u2013 compras e vendas de mercadorias e servi\u00e7os do pa\u00eds com o mundo \u2013 de US$ 6,163 bilh\u00f5es, no m\u00eas de julho, informou o Banco Central. Em julho do ano passado, o d\u00e9ficit alcan\u00e7ou US$ 9,263 bilh\u00f5es. De janeiro a julho deste ano, o d\u00e9ficit em transa\u00e7\u00f5es [&hellip;]<\/p>\n","protected":false},"author":2,"featured_media":57583,"comment_status":"open","ping_status":"closed","sticky":false,"template":"","format":"standard","meta":{"_genesis_hide_title":false,"_genesis_hide_breadcrumbs":false,"_genesis_hide_singular_image":false,"_genesis_hide_footer_widgets":false,"_genesis_custom_body_class":"","_genesis_custom_post_class":"","_genesis_layout":"","_jetpack_memberships_contains_paid_content":false,"footnotes":""},"categories":[22,7],"tags":[],"class_list":{"0":"post-74389","1":"post","2":"type-post","3":"status-publish","4":"format-standard","5":"has-post-thumbnail","7":"category-brasil","8":"category-economia","9":"entry","10":"gs-1","11":"gs-odd","12":"gs-even","13":"gs-featured-content-entry"},"jetpack_featured_media_url":"https:\/\/www.redenoticia.com.br\/noticia\/imagens\/economia-grafico.jpg","jetpack_sharing_enabled":true,"jetpack_likes_enabled":true,"_links":{"self":[{"href":"https:\/\/www.redenoticia.com.br\/noticia\/wp-json\/wp\/v2\/posts\/74389","targetHints":{"allow":["GET"]}}],"collection":[{"href":"https:\/\/www.redenoticia.com.br\/noticia\/wp-json\/wp\/v2\/posts"}],"about":[{"href":"https:\/\/www.redenoticia.com.br\/noticia\/wp-json\/wp\/v2\/types\/post"}],"author":[{"embeddable":true,"href":"https:\/\/www.redenoticia.com.br\/noticia\/wp-json\/wp\/v2\/users\/2"}],"replies":[{"embeddable":true,"href":"https:\/\/www.redenoticia.com.br\/noticia\/wp-json\/wp\/v2\/comments?post=74389"}],"version-history":[{"count":0,"href":"https:\/\/www.redenoticia.com.br\/noticia\/wp-json\/wp\/v2\/posts\/74389\/revisions"}],"wp:featuredmedia":[{"embeddable":true,"href":"https:\/\/www.redenoticia.com.br\/noticia\/wp-json\/wp\/v2\/media\/57583"}],"wp:attachment":[{"href":"https:\/\/www.redenoticia.com.br\/noticia\/wp-json\/wp\/v2\/media?parent=74389"}],"wp:term":[{"taxonomy":"category","embeddable":true,"href":"https:\/\/www.redenoticia.com.br\/noticia\/wp-json\/wp\/v2\/categories?post=74389"},{"taxonomy":"post_tag","embeddable":true,"href":"https:\/\/www.redenoticia.com.br\/noticia\/wp-json\/wp\/v2\/tags?post=74389"}],"curies":[{"name":"wp","href":"https:\/\/api.w.org\/{rel}","templated":true}]}}