{"id":74387,"date":"2015-08-25T16:04:47","date_gmt":"2015-08-25T19:04:47","guid":{"rendered":"http:\/\/www.redenoticia.com.br\/noticia\/?p=74387"},"modified":"2015-08-25T16:05:29","modified_gmt":"2015-08-25T19:05:29","slug":"receita-reforcara-fiscalizacao-de-encomendas-do-exterior","status":"publish","type":"post","link":"https:\/\/www.redenoticia.com.br\/noticia\/2015\/receita-reforcara-fiscalizacao-de-encomendas-do-exterior\/74387","title":{"rendered":"Receita refor\u00e7ar\u00e1 fiscaliza\u00e7\u00e3o de encomendas do exterior"},"content":{"rendered":"<p> At\u00e9 o fim do ano, a Receita Federal pretende refor\u00e7ar a fiscaliza\u00e7\u00e3o de <strong><em>encomendas que chegam do exterior<\/em><\/strong>, disse o subsecret\u00e1rio de Aduana e Rela\u00e7\u00f5es Internacionais do \u00f3rg\u00e3o, Ernani Checcucci. De acordo com ele, a Receita est\u00e1 trabalhando com os Correios para montar um sistema conjunto de controle e monitoramento.<\/p>\n<p>\u201cA Receita concluiu a parte dela [na elabora\u00e7\u00e3o do sistema]. Nos Correios, o sistema de remessas dever\u00e1 ficar pronto at\u00e9 o fim do ano\u201d, informou Checcucci. Segundo o subsecret\u00e1rio, mesmo sem o sistema conjunto estar conclu\u00eddo, o n\u00famero de fiscaliza\u00e7\u00f5es de encomendas postais internacionais est\u00e1 aumentando.<\/p>\n<p>De janeiro a junho, a Receita fiscalizou 16,5 milh\u00f5es de remessas postais que chegaram do exterior pelos Correios, crescimento de 54,3% em rela\u00e7\u00e3o aos 10,7 milh\u00f5es de pacotes processados no mesmo per\u00edodo do ano passado. O valor arrecadado com o pagamento de tributos, no entanto, caiu 9,8%, de R$ 130,7 milh\u00f5es nos seis primeiros meses de 2014 para R$ 117,9 milh\u00f5es no mesmo per\u00edodo deste ano.<\/p>\n<p>Para Checcucci, parte da queda decorre da alta do d\u00f3lar, que fez ca\u00edrem as importa\u00e7\u00f5es. Ele, no entanto, acredita que a maior parcela da queda foi provocada por comerciantes que aproveitam o limite de isen\u00e7\u00e3o de US$ 50 para fracionar encomendas.<\/p>\n<p>\u201cA Receita est\u00e1 usando a intelig\u00eancia para identificar abusos e coibir o fracionamento de mercadorias, mas acreditamos que \u00e9 necess\u00e1ria uma mudan\u00e7a na legisla\u00e7\u00e3o para mudar o limite de isen\u00e7\u00e3o de encomendas\u201d, disse o subsecret\u00e1rio. Segundo ele, o desempenho das fiscaliza\u00e7\u00f5es de encomendas remetidas por transportadoras privadas indica um descompasso.<\/p>\n<p>Em rela\u00e7\u00e3o \u00e0 fiscaliza\u00e7\u00e3o de encomendas que n\u00e3o passam pelos Correios e s\u00e3o enviadas por empresas de transporte expresso, o n\u00famero de declara\u00e7\u00f5es fiscalizadas (na importa\u00e7\u00e3o e na exporta\u00e7\u00e3o) caiu de 2,503 milh\u00f5es no primeiro semestre de 2014 para 2,419 milh\u00f5es nos mesmos meses de 2015, queda de 3,3%. O valor arrecadado, no entanto, aumentou de R$ 146,4 milh\u00f5es para R$ 154,9 milh\u00f5es, alta de 5,7%.<\/p>\n<p>Wellton M\u00e1ximo \u2013 Rep\u00f3rter da Ag\u00eancia Brasil<br \/>\nEdi\u00e7\u00e3o: A\u00e9cio Amado<\/p>\n","protected":false},"excerpt":{"rendered":"<p>At\u00e9 o fim do ano, a Receita Federal pretende refor\u00e7ar a fiscaliza\u00e7\u00e3o de encomendas que chegam do exterior, disse o subsecret\u00e1rio de Aduana e Rela\u00e7\u00f5es Internacionais do \u00f3rg\u00e3o, Ernani Checcucci. De acordo com ele, a Receita est\u00e1 trabalhando com os Correios para montar um sistema conjunto de controle e monitoramento. \u201cA Receita concluiu a parte [&hellip;]<\/p>\n","protected":false},"author":2,"featured_media":23889,"comment_status":"open","ping_status":"closed","sticky":false,"template":"","format":"standard","meta":{"_genesis_hide_title":false,"_genesis_hide_breadcrumbs":false,"_genesis_hide_singular_image":false,"_genesis_hide_footer_widgets":false,"_genesis_custom_body_class":"","_genesis_custom_post_class":"","_genesis_layout":"","_jetpack_memberships_contains_paid_content":false,"footnotes":""},"categories":[22],"tags":[],"class_list":{"0":"post-74387","1":"post","2":"type-post","3":"status-publish","4":"format-standard","5":"has-post-thumbnail","7":"category-brasil","8":"entry","9":"gs-1","10":"gs-odd","11":"gs-even","12":"gs-featured-content-entry"},"jetpack_featured_media_url":"https:\/\/www.redenoticia.com.br\/noticia\/imagens\/receita-federal-irpf-2010.jpg","jetpack_sharing_enabled":true,"jetpack_likes_enabled":true,"_links":{"self":[{"href":"https:\/\/www.redenoticia.com.br\/noticia\/wp-json\/wp\/v2\/posts\/74387","targetHints":{"allow":["GET"]}}],"collection":[{"href":"https:\/\/www.redenoticia.com.br\/noticia\/wp-json\/wp\/v2\/posts"}],"about":[{"href":"https:\/\/www.redenoticia.com.br\/noticia\/wp-json\/wp\/v2\/types\/post"}],"author":[{"embeddable":true,"href":"https:\/\/www.redenoticia.com.br\/noticia\/wp-json\/wp\/v2\/users\/2"}],"replies":[{"embeddable":true,"href":"https:\/\/www.redenoticia.com.br\/noticia\/wp-json\/wp\/v2\/comments?post=74387"}],"version-history":[{"count":0,"href":"https:\/\/www.redenoticia.com.br\/noticia\/wp-json\/wp\/v2\/posts\/74387\/revisions"}],"wp:featuredmedia":[{"embeddable":true,"href":"https:\/\/www.redenoticia.com.br\/noticia\/wp-json\/wp\/v2\/media\/23889"}],"wp:attachment":[{"href":"https:\/\/www.redenoticia.com.br\/noticia\/wp-json\/wp\/v2\/media?parent=74387"}],"wp:term":[{"taxonomy":"category","embeddable":true,"href":"https:\/\/www.redenoticia.com.br\/noticia\/wp-json\/wp\/v2\/categories?post=74387"},{"taxonomy":"post_tag","embeddable":true,"href":"https:\/\/www.redenoticia.com.br\/noticia\/wp-json\/wp\/v2\/tags?post=74387"}],"curies":[{"name":"wp","href":"https:\/\/api.w.org\/{rel}","templated":true}]}}