{"id":74385,"date":"2015-08-25T16:03:34","date_gmt":"2015-08-25T19:03:34","guid":{"rendered":"http:\/\/www.redenoticia.com.br\/noticia\/?p=74385"},"modified":"2015-08-25T16:03:34","modified_gmt":"2015-08-25T19:03:34","slug":"greve-nas-universidades-federais-continua","status":"publish","type":"post","link":"https:\/\/www.redenoticia.com.br\/noticia\/2015\/greve-nas-universidades-federais-continua\/74385","title":{"rendered":"Greve nas universidades federais continua"},"content":{"rendered":"<p> Em <strong><em>greve<\/em><\/strong> desde o dia 28 de maio, professores e trabalhadores t\u00e9cnico-administrativos de institui\u00e7\u00f5es federais de ensino superior aguardam resposta do governo sobre as reivindica\u00e7\u00f5es apresentadas, mas, segundo os sindicatos da categoria, o movimento grevista continua, mesmo com a decis\u00e3o dos professores da Universidade Federal do Rio de Janeiro (UFRJ) de encerrar a greve na institui\u00e7\u00e3o. <\/p>\n<p>A paralisa\u00e7\u00e3o completar\u00e1 tr\u00eas meses nesta semana. &#8220;Estamos em um momento importante de defini\u00e7\u00f5es&#8221;, diz o presidente do Sindicato Nacional dos Docentes de Institui\u00e7\u00f5es de Ensino Superior (Andes-SN), Paulo Rizzo. Segundo balan\u00e7o da entidade, a greve atinge 37 universidades federais e tr\u00eas institutos federais. Rizzo diz que a UFRJ foi a primeira a decidir pelo fim da greve e que isso tem impacto, dado o tamanho da institui\u00e7\u00e3o. Mesmo assim, o presidente acredita que a greve ser\u00e1 mantida.<\/p>\n<p>Os trabalhadores pedem melhores condi\u00e7\u00f5es de trabalho e s\u00e3o contr\u00e1rios aos cortes or\u00e7ament\u00e1rios feitos em educa\u00e7\u00e3o. No total, o contingenciamento feito pelo governo federal chega a aproximadamente R$ 10,6 bilh\u00f5es no setor. Eles pedem tamb\u00e9m a reestrutura\u00e7\u00e3o da carreira e a valoriza\u00e7\u00e3o de ativos e aposentados.<\/p>\n<p>&#8220;Podemos at\u00e9 discutir uma flexibiliza\u00e7\u00e3o da nossa proposta, mas se \u00e9 uma negocia\u00e7\u00e3o, demanda que o governo responda a nossa pauta&#8221;, diz o coordenador-geral da Federa\u00e7\u00e3o de Sindicatos de Trabalhadores T\u00e9cnico-Administrativos em Institui\u00e7\u00f5es de Ensino Superior P\u00fablicas do Brasil (Fasubra), Rog\u00e9rio Marzola. &#8220;T\u00eam sido recorrentes os cortes de energia el\u00e9trica. As institui\u00e7\u00f5es n\u00e3o est\u00e3o conseguindo sequer bancar as contas mais b\u00e1sicas&#8221;, diz. Os t\u00e9cnicos est\u00e3o parados, segundo a Fasubra, em 62 institui\u00e7\u00f5es.<\/p>\n<p>O Sindicato Nacional dos Servidores Federais da Educa\u00e7\u00e3o B\u00e1sica, Profissional e Tecnol\u00f3gica (Sinasefe) aderiu \u00e0 greve h\u00e1 43 dias. A entidade representa tanto os professores quanto os trabalhadores t\u00e9cnico-administrativos dos institutos federais. Segundo o sindicato, a paralisa\u00e7\u00e3o atinge 240 escolas em 25 estados.<\/p>\n<p>&#8220;O plano de expans\u00e3o do governo est\u00e1 parado e a precariza\u00e7\u00e3o est\u00e1 avan\u00e7ando. Os institutos, assim como as universidades, est\u00e3o fazendo sorteio de que conta v\u00e3o pagar no fim do m\u00eas&#8221;, diz o coordenador geral do Sinasefe, Carlos Magno.<\/p>\n<p>Os trabalhadores negociam benef\u00edcios e a quest\u00e3o salarial com o Minist\u00e9rio do Planejamento, Or\u00e7amento e Gest\u00e3o, junto dos demais servidores do Executivo. As reuni\u00f5es ocorrem desde mar\u00e7o. No final de junho, o governo apresentou uma proposta de reajuste aqu\u00e9m da demandada pelos servidores, que foi rejeitada por unamidade. Sobre a previs\u00e3o de apresenta\u00e7\u00e3o de uma nova proposta, a pasta diz que ainda n\u00e3o h\u00e1 defini\u00e7\u00e3o sobre o assunto.<\/p>\n<p>As entidades tamb\u00e9m se re\u00fanem com o Minist\u00e9rio da Educa\u00e7\u00e3o (MEC). Em nota divulgada na \u00faltima sexta-feira (21), o MEC diz que o esfor\u00e7o do governo federal tem sido &#8220;incans\u00e1vel para garantir o di\u00e1logo cont\u00ednuo e a solu\u00e7\u00e3o para a greve&#8221;. A pasta diz ainda que a greve dos servidores federais preocupa muito, principalmente por causa dos alunos que est\u00e3o sem aula. &#8220;O MEC e o Minist\u00e9rio do Planejamento, Or\u00e7amento e Gest\u00e3o t\u00eam trabalhado em conjunto para reestabelecer a atividade acad\u00eamica&#8221;, informa a nota.<\/p>\n<p>Mariana Tokarnia &#8211; Rep\u00f3rter da Ag\u00eancia Brasil<br \/>\nEdi\u00e7\u00e3o: Jorge Wamburg<\/p>\n","protected":false},"excerpt":{"rendered":"<p>Em greve desde o dia 28 de maio, professores e trabalhadores t\u00e9cnico-administrativos de institui\u00e7\u00f5es federais de ensino superior aguardam resposta do governo sobre as reivindica\u00e7\u00f5es apresentadas, mas, segundo os sindicatos da categoria, o movimento grevista continua, mesmo com a decis\u00e3o dos professores da Universidade Federal do Rio de Janeiro (UFRJ) de encerrar a greve na [&hellip;]<\/p>\n","protected":false},"author":2,"featured_media":36262,"comment_status":"open","ping_status":"closed","sticky":false,"template":"","format":"standard","meta":{"_genesis_hide_title":false,"_genesis_hide_breadcrumbs":false,"_genesis_hide_singular_image":false,"_genesis_hide_footer_widgets":false,"_genesis_custom_body_class":"","_genesis_custom_post_class":"","_genesis_layout":"","_jetpack_memberships_contains_paid_content":false,"footnotes":""},"categories":[22],"tags":[],"class_list":{"0":"post-74385","1":"post","2":"type-post","3":"status-publish","4":"format-standard","5":"has-post-thumbnail","7":"category-brasil","8":"entry","9":"gs-1","10":"gs-odd","11":"gs-even","12":"gs-featured-content-entry"},"jetpack_featured_media_url":"https:\/\/www.redenoticia.com.br\/noticia\/imagens\/aluno-a.jpg","jetpack_sharing_enabled":true,"jetpack_likes_enabled":true,"_links":{"self":[{"href":"https:\/\/www.redenoticia.com.br\/noticia\/wp-json\/wp\/v2\/posts\/74385","targetHints":{"allow":["GET"]}}],"collection":[{"href":"https:\/\/www.redenoticia.com.br\/noticia\/wp-json\/wp\/v2\/posts"}],"about":[{"href":"https:\/\/www.redenoticia.com.br\/noticia\/wp-json\/wp\/v2\/types\/post"}],"author":[{"embeddable":true,"href":"https:\/\/www.redenoticia.com.br\/noticia\/wp-json\/wp\/v2\/users\/2"}],"replies":[{"embeddable":true,"href":"https:\/\/www.redenoticia.com.br\/noticia\/wp-json\/wp\/v2\/comments?post=74385"}],"version-history":[{"count":0,"href":"https:\/\/www.redenoticia.com.br\/noticia\/wp-json\/wp\/v2\/posts\/74385\/revisions"}],"wp:featuredmedia":[{"embeddable":true,"href":"https:\/\/www.redenoticia.com.br\/noticia\/wp-json\/wp\/v2\/media\/36262"}],"wp:attachment":[{"href":"https:\/\/www.redenoticia.com.br\/noticia\/wp-json\/wp\/v2\/media?parent=74385"}],"wp:term":[{"taxonomy":"category","embeddable":true,"href":"https:\/\/www.redenoticia.com.br\/noticia\/wp-json\/wp\/v2\/categories?post=74385"},{"taxonomy":"post_tag","embeddable":true,"href":"https:\/\/www.redenoticia.com.br\/noticia\/wp-json\/wp\/v2\/tags?post=74385"}],"curies":[{"name":"wp","href":"https:\/\/api.w.org\/{rel}","templated":true}]}}