{"id":74350,"date":"2015-08-24T17:59:33","date_gmt":"2015-08-24T20:59:33","guid":{"rendered":"http:\/\/www.redenoticia.com.br\/noticia\/?p=74350"},"modified":"2015-08-24T17:59:33","modified_gmt":"2015-08-24T20:59:33","slug":"divida-publica-cresce-078-em-julho-e-chega-a-r-26-trilhoes","status":"publish","type":"post","link":"https:\/\/www.redenoticia.com.br\/noticia\/2015\/divida-publica-cresce-078-em-julho-e-chega-a-r-26-trilhoes\/74350","title":{"rendered":"D\u00edvida p\u00fablica cresce 0,78% em julho e chega a R$ 2,6 trilh\u00f5es"},"content":{"rendered":"<p> A <strong><em>D\u00edvida P\u00fablica Federal<\/em><\/strong> teve eleva\u00e7\u00e3o de 0,78% em julho, em compara\u00e7\u00e3o a junho. O valor passou de R$ 2,583 trilh\u00f5es para R$ 2,603 trilh\u00f5es. Os dados foram divulgados pelo Tesouro Nacional.<\/p>\n<p>No m\u00eas de julho, as emiss\u00f5es da D\u00edvida P\u00fablica Federal (DPF) corresponderam a R$ 51,24 bilh\u00f5es, enquanto os resgates alcan\u00e7aram R$ 71,06 bilh\u00f5es. O resultado foi um resgate l\u00edquido de R$ 19,82 bilh\u00f5es.<\/p>\n<p>O endividamento do Tesouro pode ocorrer por meio da oferta de t\u00edtulos p\u00fablicos em leil\u00f5es, pela internet (Tesouro Direto) ou pela emiss\u00e3o direta (com destina\u00e7\u00e3o espec\u00edfica).<\/p>\n<p>O aumento da d\u00edvida do Tesouro Nacional tamb\u00e9m pode ocorrer pela assinatura de contratos de empr\u00e9stimo. Nesse caso, o Tesouro toma empr\u00e9stimo de uma institui\u00e7\u00e3o financeira ou de um banco de fomento.<\/p>\n<p>A D\u00edvida P\u00fablica Mobili\u00e1ria Federal interna (DPMFi) cresceu 0,52% e passou de R$ 2,462 trilh\u00f5es para R$ 2,475 trilh\u00f5es. A DPMFi \u00e9 a d\u00edvida p\u00fablica federal em circula\u00e7\u00e3o no mercado nacional e \u00e9 captada por meio da emiss\u00e3o de t\u00edtulos p\u00fablicos. O motivo da eleva\u00e7\u00e3o, informou o Tesouro Nacional, foi a incorpora\u00e7\u00e3o de juros \u00e0 d\u00edvida, no valor de R$ 29,54 bilh\u00f5es.<\/p>\n<p>A D\u00edvida P\u00fablica Federal Externa (DPFe) registrou, em julho, eleva\u00e7\u00e3o de 6,14% em compara\u00e7\u00e3o ao resultado do m\u00eas anterior, chegando a R$ 128,72 bilh\u00f5es, equivalentes a US$ 37,93 bilh\u00f5es, dos quais R$ 117,69 bilh\u00f5es (US$ 34,68 bilh\u00f5es) referem-se \u00e0 d\u00edvida mobili\u00e1ria (t\u00edtulos) e R$ 11,03 bilh\u00f5es (US$ 3,25 bilh\u00f5es), \u00e0 d\u00edvida contratual. A varia\u00e7\u00e3o deveu-se, destacam os t\u00e9cnicos, principalmente \u00e0 desvaloriza\u00e7\u00e3o do real em rela\u00e7\u00e3o \u00e0s moedas que comp\u00f5em o total da d\u00edvida externa. DPFe \u00e9 a d\u00edvida p\u00fablica federal existente no mercado internacional, paga em outras moedas.<\/p>\n<p>De acordo com o Plano Anual de Financiamento (PAF), o governo estima a D\u00edvida P\u00fablica Federal, em 2015, entre R$ 2,45 trilh\u00f5es e R$ 2,6 trilh\u00f5es.<\/p>\n<p>Daniel Lima \u2013 Rep\u00f3rter da Ag\u00eancia Brasil<br \/>\nEdi\u00e7\u00e3o: Jos\u00e9 Romildo<\/p>\n","protected":false},"excerpt":{"rendered":"<p>A D\u00edvida P\u00fablica Federal teve eleva\u00e7\u00e3o de 0,78% em julho, em compara\u00e7\u00e3o a junho. O valor passou de R$ 2,583 trilh\u00f5es para R$ 2,603 trilh\u00f5es. Os dados foram divulgados pelo Tesouro Nacional. No m\u00eas de julho, as emiss\u00f5es da D\u00edvida P\u00fablica Federal (DPF) corresponderam a R$ 51,24 bilh\u00f5es, enquanto os resgates alcan\u00e7aram R$ 71,06 bilh\u00f5es. [&hellip;]<\/p>\n","protected":false},"author":2,"featured_media":38940,"comment_status":"open","ping_status":"closed","sticky":false,"template":"","format":"standard","meta":{"_genesis_hide_title":false,"_genesis_hide_breadcrumbs":false,"_genesis_hide_singular_image":false,"_genesis_hide_footer_widgets":false,"_genesis_custom_body_class":"","_genesis_custom_post_class":"","_genesis_layout":"","_jetpack_memberships_contains_paid_content":false,"footnotes":""},"categories":[22,7],"tags":[],"class_list":{"0":"post-74350","1":"post","2":"type-post","3":"status-publish","4":"format-standard","5":"has-post-thumbnail","7":"category-brasil","8":"category-economia","9":"entry","10":"gs-1","11":"gs-odd","12":"gs-even","13":"gs-featured-content-entry"},"jetpack_featured_media_url":"https:\/\/www.redenoticia.com.br\/noticia\/imagens\/grafico.jpg","jetpack_sharing_enabled":true,"jetpack_likes_enabled":true,"_links":{"self":[{"href":"https:\/\/www.redenoticia.com.br\/noticia\/wp-json\/wp\/v2\/posts\/74350","targetHints":{"allow":["GET"]}}],"collection":[{"href":"https:\/\/www.redenoticia.com.br\/noticia\/wp-json\/wp\/v2\/posts"}],"about":[{"href":"https:\/\/www.redenoticia.com.br\/noticia\/wp-json\/wp\/v2\/types\/post"}],"author":[{"embeddable":true,"href":"https:\/\/www.redenoticia.com.br\/noticia\/wp-json\/wp\/v2\/users\/2"}],"replies":[{"embeddable":true,"href":"https:\/\/www.redenoticia.com.br\/noticia\/wp-json\/wp\/v2\/comments?post=74350"}],"version-history":[{"count":0,"href":"https:\/\/www.redenoticia.com.br\/noticia\/wp-json\/wp\/v2\/posts\/74350\/revisions"}],"wp:featuredmedia":[{"embeddable":true,"href":"https:\/\/www.redenoticia.com.br\/noticia\/wp-json\/wp\/v2\/media\/38940"}],"wp:attachment":[{"href":"https:\/\/www.redenoticia.com.br\/noticia\/wp-json\/wp\/v2\/media?parent=74350"}],"wp:term":[{"taxonomy":"category","embeddable":true,"href":"https:\/\/www.redenoticia.com.br\/noticia\/wp-json\/wp\/v2\/categories?post=74350"},{"taxonomy":"post_tag","embeddable":true,"href":"https:\/\/www.redenoticia.com.br\/noticia\/wp-json\/wp\/v2\/tags?post=74350"}],"curies":[{"name":"wp","href":"https:\/\/api.w.org\/{rel}","templated":true}]}}