{"id":74348,"date":"2015-08-24T17:58:27","date_gmt":"2015-08-24T20:58:27","guid":{"rendered":"http:\/\/www.redenoticia.com.br\/noticia\/?p=74348"},"modified":"2015-08-24T17:58:27","modified_gmt":"2015-08-24T20:58:27","slug":"inflacao-prevista-pelo-consumidor-para-os-proximos-12-meses-chega-10-diz-fgv","status":"publish","type":"post","link":"https:\/\/www.redenoticia.com.br\/noticia\/2015\/inflacao-prevista-pelo-consumidor-para-os-proximos-12-meses-chega-10-diz-fgv\/74348","title":{"rendered":"Infla\u00e7\u00e3o prevista pelo consumidor para os pr\u00f3ximos 12 meses chega 10%, diz FGV"},"content":{"rendered":"<p> A <strong><em>infla\u00e7\u00e3o<\/em><\/strong> prevista pelo consumidor brasileiro para os pr\u00f3ximos 12 meses chegou a 10%, em agosto, 0,3 ponto percentual acima previs\u00e3o estabelecida no m\u00eas anterior. Com o resultado, o indicador atinge, pelo sexto m\u00eas consecutivo, o recorde da s\u00e9rie iniciada em setembro de 2005 e entra pela primeira vez na casa dos dois d\u00edgitos.<\/p>\n<p>Os dados foram divulgados pelo Instituto Brasileiro de Economia (Ibre) da Funda\u00e7\u00e3o Getulio Vargas (FGV).<\/p>\n<p>Segundo o economista Pedro Costa Ferreira, da FGV, o resultado, apesar de esperado, \u00e9 \u201csurpreendente\u201d. \u201c\u00c9 dif\u00edcil imaginar que algu\u00e9m no in\u00edcio do ano previsse uma acelera\u00e7\u00e3o t\u00e3o forte das expectativas de infla\u00e7\u00e3o dos consumidores\u201d, acrescentou.<\/p>\n<p>O resultado, conforme disse Ferreira, reflete o dia a dia do consumidor que convive com um aumento no pre\u00e7o de diversos produtos e servi\u00e7os.<\/p>\n<p>Nielmar de Oliveira \u2013 Rep\u00f3rter da Ag\u00eancia Brasil<br \/>\nEdi\u00e7\u00e3o: Jos\u00e9 Romildo<br \/>\n&#8212;<\/p>\n<p>A Empresa Brasil de Comunica\u00e7\u00e3o \u00e9 uma institui\u00e7\u00e3o da democracia brasileira: p\u00fablica, inclusiva e cidad\u00e3.  Criada em 2007 para fortalecer o sistema p\u00fablico de comunica\u00e7\u00e3o, \u00e9 gestora dos canais TV Brasil, TV Brasil Internacional, Ag\u00eancia Brasil, Radioag\u00eancia Nacional e do sistema p\u00fablico de R\u00e1dio \u2013 composto por oito emissoras. Estes, por sua independ\u00eancia editorial, distinguem-se dos canais estatais ou governamentais, com conte\u00fados diferenciados e complementares aos canais privados. Os ve\u00edculos da EBC t\u00eam autonomia para definir produ\u00e7\u00e3o, programa\u00e7\u00e3o e distribui\u00e7\u00e3o de conte\u00fados.<\/p>\n","protected":false},"excerpt":{"rendered":"<p>A infla\u00e7\u00e3o prevista pelo consumidor brasileiro para os pr\u00f3ximos 12 meses chegou a 10%, em agosto, 0,3 ponto percentual acima previs\u00e3o estabelecida no m\u00eas anterior. Com o resultado, o indicador atinge, pelo sexto m\u00eas consecutivo, o recorde da s\u00e9rie iniciada em setembro de 2005 e entra pela primeira vez na casa dos dois d\u00edgitos. Os [&hellip;]<\/p>\n","protected":false},"author":2,"featured_media":57584,"comment_status":"open","ping_status":"closed","sticky":false,"template":"","format":"standard","meta":{"_genesis_hide_title":false,"_genesis_hide_breadcrumbs":false,"_genesis_hide_singular_image":false,"_genesis_hide_footer_widgets":false,"_genesis_custom_body_class":"","_genesis_custom_post_class":"","_genesis_layout":"","_jetpack_memberships_contains_paid_content":false,"footnotes":""},"categories":[22,7],"tags":[],"class_list":{"0":"post-74348","1":"post","2":"type-post","3":"status-publish","4":"format-standard","5":"has-post-thumbnail","7":"category-brasil","8":"category-economia","9":"entry","10":"gs-1","11":"gs-odd","12":"gs-even","13":"gs-featured-content-entry"},"jetpack_featured_media_url":"https:\/\/www.redenoticia.com.br\/noticia\/imagens\/economia-grafica-analise-inflacao.jpg","jetpack_sharing_enabled":true,"jetpack_likes_enabled":true,"_links":{"self":[{"href":"https:\/\/www.redenoticia.com.br\/noticia\/wp-json\/wp\/v2\/posts\/74348","targetHints":{"allow":["GET"]}}],"collection":[{"href":"https:\/\/www.redenoticia.com.br\/noticia\/wp-json\/wp\/v2\/posts"}],"about":[{"href":"https:\/\/www.redenoticia.com.br\/noticia\/wp-json\/wp\/v2\/types\/post"}],"author":[{"embeddable":true,"href":"https:\/\/www.redenoticia.com.br\/noticia\/wp-json\/wp\/v2\/users\/2"}],"replies":[{"embeddable":true,"href":"https:\/\/www.redenoticia.com.br\/noticia\/wp-json\/wp\/v2\/comments?post=74348"}],"version-history":[{"count":0,"href":"https:\/\/www.redenoticia.com.br\/noticia\/wp-json\/wp\/v2\/posts\/74348\/revisions"}],"wp:featuredmedia":[{"embeddable":true,"href":"https:\/\/www.redenoticia.com.br\/noticia\/wp-json\/wp\/v2\/media\/57584"}],"wp:attachment":[{"href":"https:\/\/www.redenoticia.com.br\/noticia\/wp-json\/wp\/v2\/media?parent=74348"}],"wp:term":[{"taxonomy":"category","embeddable":true,"href":"https:\/\/www.redenoticia.com.br\/noticia\/wp-json\/wp\/v2\/categories?post=74348"},{"taxonomy":"post_tag","embeddable":true,"href":"https:\/\/www.redenoticia.com.br\/noticia\/wp-json\/wp\/v2\/tags?post=74348"}],"curies":[{"name":"wp","href":"https:\/\/api.w.org\/{rel}","templated":true}]}}