{"id":74344,"date":"2015-08-24T17:54:29","date_gmt":"2015-08-24T20:54:29","guid":{"rendered":"http:\/\/www.redenoticia.com.br\/noticia\/?p=74344"},"modified":"2015-08-24T17:54:29","modified_gmt":"2015-08-24T20:54:29","slug":"tesouro-eleva-limites-de-endividamento","status":"publish","type":"post","link":"https:\/\/www.redenoticia.com.br\/noticia\/2015\/tesouro-eleva-limites-de-endividamento\/74344","title":{"rendered":"Tesouro eleva limites de endividamento"},"content":{"rendered":"<p> A Secretaria do Tesouro Nacional revisou os <strong><em>limites da d\u00edvida p\u00fablica<\/em><\/strong> federal de 2015, definidos no plano anual de financiamentos (PAC), passando a considerar o n\u00edvel m\u00ednimo de R$ 2,65 trilh\u00f5es e o n\u00edvel m\u00e1ximo de R$ 2,8 trilh\u00f5es, informou o coordenador de Opera\u00e7\u00f5es da D\u00edvida P\u00fablica, da Secretaria do Tesouro Nacional, Jos\u00e9 Franco Medeirosde Morais.<\/p>\n<p>Os limites anteriores estavam situados entre R$ 2,45 trilh\u00f5es e R$ R$ 2,6 trilh\u00f5es.<\/p>\n<p>Ao dar a informa\u00e7\u00e3o, Jos\u00e9 Franco disse que a altera\u00e7\u00e3o dos limites m\u00ednimo e m\u00e1ximo do endividamento p\u00fablico foi adotada para atender ao aumento da demanda dos bancos e financeiras por t\u00edtulos do governo.<\/p>\n<p>\u201cIsso n\u00e3o \u00e9 de forma alguma coisa ruim\u201d, acrescentou Jos\u00e9 Franco. Ele disse tamb\u00e9m que a divulga\u00e7\u00e3o dos novos limites d\u00e3o \u201cprevisibilidade e transpar\u00eancia [da gest\u00e3o da d\u00edvida p\u00fablica] aos agentes financeiros\u201d. Explicou que, em um cen\u00e1rio de juros em alta, cresce o apetite por t\u00edtulos que tenham a garantia do Tesouro Nacional, entre eles, os t\u00edtulos da d\u00edvida p\u00fablica.<\/p>\n<p>Segundo ele, a maior demanda dos leil\u00f5es de t\u00edtulos p\u00fablicos, verificada ao longo do ano, \u00e9 fator que contribui para que o governo tenha folga para refinanciar a divida p\u00fablica. \u201cIsso favorece a estrat\u00e9gia para [que o governo possa administrar] o estoque da d\u00edvida p\u00fablica federal\u201d, acrescentou.<\/p>\n<p>Segundo ele, dentro da estrat\u00e9gia de endividamento por meio dos t\u00edtulos da d\u00edvida p\u00fablica, o Tesouro Nacional tem buscado emitir volumes superiores \u00e0 necessidade de financiamento do mercado, visando a auxiliar a redu\u00e7\u00e3o do excesso de liquidez do sistema banc\u00e1rio.<\/p>\n<p>Daniel Lima \u2013 Rep\u00f3rter da Ag\u00eancia Brasil<br \/>\nEdi\u00e7\u00e3o: Jos\u00e9 Romildo<\/p>\n","protected":false},"excerpt":{"rendered":"<p>A Secretaria do Tesouro Nacional revisou os limites da d\u00edvida p\u00fablica federal de 2015, definidos no plano anual de financiamentos (PAC), passando a considerar o n\u00edvel m\u00ednimo de R$ 2,65 trilh\u00f5es e o n\u00edvel m\u00e1ximo de R$ 2,8 trilh\u00f5es, informou o coordenador de Opera\u00e7\u00f5es da D\u00edvida P\u00fablica, da Secretaria do Tesouro Nacional, Jos\u00e9 Franco Medeirosde [&hellip;]<\/p>\n","protected":false},"author":2,"featured_media":40517,"comment_status":"open","ping_status":"closed","sticky":false,"template":"","format":"standard","meta":{"_genesis_hide_title":false,"_genesis_hide_breadcrumbs":false,"_genesis_hide_singular_image":false,"_genesis_hide_footer_widgets":false,"_genesis_custom_body_class":"","_genesis_custom_post_class":"","_genesis_layout":"","_jetpack_memberships_contains_paid_content":false,"footnotes":""},"categories":[22,7],"tags":[],"class_list":{"0":"post-74344","1":"post","2":"type-post","3":"status-publish","4":"format-standard","5":"has-post-thumbnail","7":"category-brasil","8":"category-economia","9":"entry","10":"gs-1","11":"gs-odd","12":"gs-even","13":"gs-featured-content-entry"},"jetpack_featured_media_url":"https:\/\/www.redenoticia.com.br\/noticia\/imagens\/economia-previsao.jpg","jetpack_sharing_enabled":true,"jetpack_likes_enabled":true,"_links":{"self":[{"href":"https:\/\/www.redenoticia.com.br\/noticia\/wp-json\/wp\/v2\/posts\/74344","targetHints":{"allow":["GET"]}}],"collection":[{"href":"https:\/\/www.redenoticia.com.br\/noticia\/wp-json\/wp\/v2\/posts"}],"about":[{"href":"https:\/\/www.redenoticia.com.br\/noticia\/wp-json\/wp\/v2\/types\/post"}],"author":[{"embeddable":true,"href":"https:\/\/www.redenoticia.com.br\/noticia\/wp-json\/wp\/v2\/users\/2"}],"replies":[{"embeddable":true,"href":"https:\/\/www.redenoticia.com.br\/noticia\/wp-json\/wp\/v2\/comments?post=74344"}],"version-history":[{"count":0,"href":"https:\/\/www.redenoticia.com.br\/noticia\/wp-json\/wp\/v2\/posts\/74344\/revisions"}],"wp:featuredmedia":[{"embeddable":true,"href":"https:\/\/www.redenoticia.com.br\/noticia\/wp-json\/wp\/v2\/media\/40517"}],"wp:attachment":[{"href":"https:\/\/www.redenoticia.com.br\/noticia\/wp-json\/wp\/v2\/media?parent=74344"}],"wp:term":[{"taxonomy":"category","embeddable":true,"href":"https:\/\/www.redenoticia.com.br\/noticia\/wp-json\/wp\/v2\/categories?post=74344"},{"taxonomy":"post_tag","embeddable":true,"href":"https:\/\/www.redenoticia.com.br\/noticia\/wp-json\/wp\/v2\/tags?post=74344"}],"curies":[{"name":"wp","href":"https:\/\/api.w.org\/{rel}","templated":true}]}}