{"id":74266,"date":"2015-08-21T15:38:28","date_gmt":"2015-08-21T18:38:28","guid":{"rendered":"http:\/\/www.redenoticia.com.br\/noticia\/?p=74266"},"modified":"2015-08-21T15:38:28","modified_gmt":"2015-08-21T18:38:28","slug":"pesquisa-da-cni-mostra-producao-e-emprego-em-queda","status":"publish","type":"post","link":"https:\/\/www.redenoticia.com.br\/noticia\/2015\/pesquisa-da-cni-mostra-producao-e-emprego-em-queda\/74266","title":{"rendered":"Pesquisa da CNI mostra produ\u00e7\u00e3o e emprego em queda"},"content":{"rendered":"<p>Pesquisa da Confedera\u00e7\u00e3o Nacional da Ind\u00fastria (CNI) mostra que a produ\u00e7\u00e3o e <strong><em>emprego<\/em><\/strong> no setor continuam em queda no in\u00edcio do segundo semestre de 2015. Segundo a entidade empresarial, o \u00edndice de evolu\u00e7\u00e3o da produ\u00e7\u00e3o ficou em 44 pontos em julho. Pelos crit\u00e9rios da confedera\u00e7\u00e3o, valores abaixo de 50 pontos significam que h\u00e1 queda na produ\u00e7\u00e3o.<\/p>\n<p>O indicador da evolu\u00e7\u00e3o de n\u00famero de empregados passou de 40,7 em junho para 40,8 pontos em julho. De acordo com a CNI, quanto mais baixo foi o indicador em rela\u00e7\u00e3o ao par\u00e2metro de 50 pontos, maior \u00e9 a evolu\u00e7\u00e3o do desemprego.<\/p>\n<p>A utiliza\u00e7\u00e3o m\u00e9dia da capacidade instalada m\u00e9dia (UCI) aumentou 1 ponto percentual e atingiu 66% em julho. A CNI informou tamb\u00e9m o \u00edndice de estoques efetivos em rela\u00e7\u00e3o ao planejado caiu de 53,1 para 52,3 pontos. O indicador \u2013 acima de 50 pontos \u2013 demonstra estoques elevados em rela\u00e7\u00e3o \u00e0 estimativa planejada de produ\u00e7\u00e3o.<\/p>\n<p>Em agosto, o \u00edndice de expectativa para os pr\u00f3ximos seis meses sobre a demanda foi 46,3 pontos, o de compras de mat\u00e9rias-primas ficou em 44 pontos, e o de n\u00famero de empregados alcan\u00e7ou 42,2 pontos, dados que demonstram que os empres\u00e1rios ouvidos pela pesquisa da CNI est\u00e3o pessimistas em rela\u00e7\u00e3o \u00e0 demanda futura.<\/p>\n<p>O levantamento foi realizado entre 3 e 13 de agosto, abrangendo 2.492 ind\u00fastrias de todo o pa\u00eds. As ind\u00fastrias pesquisadas, pelo tamanho, dividem-se em 1.028 pequenas, 892 m\u00e9dias e 572 de grande porte.<\/p>\n<p>Da Ag\u00eancia Brasil<br \/>\nEdi\u00e7\u00e3o: Jos\u00e9 Romildo<\/p>\n","protected":false},"excerpt":{"rendered":"<p>Pesquisa da Confedera\u00e7\u00e3o Nacional da Ind\u00fastria (CNI) mostra que a produ\u00e7\u00e3o e emprego no setor continuam em queda no in\u00edcio do segundo semestre de 2015. Segundo a entidade empresarial, o \u00edndice de evolu\u00e7\u00e3o da produ\u00e7\u00e3o ficou em 44 pontos em julho. Pelos crit\u00e9rios da confedera\u00e7\u00e3o, valores abaixo de 50 pontos significam que h\u00e1 queda na [&hellip;]<\/p>\n","protected":false},"author":2,"featured_media":38938,"comment_status":"open","ping_status":"closed","sticky":false,"template":"","format":"standard","meta":{"_genesis_hide_title":false,"_genesis_hide_breadcrumbs":false,"_genesis_hide_singular_image":false,"_genesis_hide_footer_widgets":false,"_genesis_custom_body_class":"","_genesis_custom_post_class":"","_genesis_layout":"","_jetpack_memberships_contains_paid_content":false,"footnotes":""},"categories":[22,7],"tags":[],"class_list":{"0":"post-74266","1":"post","2":"type-post","3":"status-publish","4":"format-standard","5":"has-post-thumbnail","7":"category-brasil","8":"category-economia","9":"entry","10":"gs-1","11":"gs-odd","12":"gs-even","13":"gs-featured-content-entry"},"jetpack_featured_media_url":"https:\/\/www.redenoticia.com.br\/noticia\/imagens\/economia1.jpg","jetpack_sharing_enabled":true,"jetpack_likes_enabled":true,"_links":{"self":[{"href":"https:\/\/www.redenoticia.com.br\/noticia\/wp-json\/wp\/v2\/posts\/74266","targetHints":{"allow":["GET"]}}],"collection":[{"href":"https:\/\/www.redenoticia.com.br\/noticia\/wp-json\/wp\/v2\/posts"}],"about":[{"href":"https:\/\/www.redenoticia.com.br\/noticia\/wp-json\/wp\/v2\/types\/post"}],"author":[{"embeddable":true,"href":"https:\/\/www.redenoticia.com.br\/noticia\/wp-json\/wp\/v2\/users\/2"}],"replies":[{"embeddable":true,"href":"https:\/\/www.redenoticia.com.br\/noticia\/wp-json\/wp\/v2\/comments?post=74266"}],"version-history":[{"count":0,"href":"https:\/\/www.redenoticia.com.br\/noticia\/wp-json\/wp\/v2\/posts\/74266\/revisions"}],"wp:featuredmedia":[{"embeddable":true,"href":"https:\/\/www.redenoticia.com.br\/noticia\/wp-json\/wp\/v2\/media\/38938"}],"wp:attachment":[{"href":"https:\/\/www.redenoticia.com.br\/noticia\/wp-json\/wp\/v2\/media?parent=74266"}],"wp:term":[{"taxonomy":"category","embeddable":true,"href":"https:\/\/www.redenoticia.com.br\/noticia\/wp-json\/wp\/v2\/categories?post=74266"},{"taxonomy":"post_tag","embeddable":true,"href":"https:\/\/www.redenoticia.com.br\/noticia\/wp-json\/wp\/v2\/tags?post=74266"}],"curies":[{"name":"wp","href":"https:\/\/api.w.org\/{rel}","templated":true}]}}