{"id":74264,"date":"2015-08-21T15:37:08","date_gmt":"2015-08-21T18:37:08","guid":{"rendered":"http:\/\/www.redenoticia.com.br\/noticia\/?p=74264"},"modified":"2015-08-21T15:37:08","modified_gmt":"2015-08-21T18:37:08","slug":"previa-da-inflacao-oficial-atinge-957-em-12-meses","status":"publish","type":"post","link":"https:\/\/www.redenoticia.com.br\/noticia\/2015\/previa-da-inflacao-oficial-atinge-957-em-12-meses\/74264","title":{"rendered":"Pr\u00e9via da infla\u00e7\u00e3o oficial atinge 9,57% em 12 meses"},"content":{"rendered":"<p>  O \u00cdndice Nacional de <strong><em>Pre\u00e7os ao Consumidor<\/em><\/strong> Amplo 15 (IPCA-15) registrou alta, no acumulado dos \u00faltimos 12 meses, de 9,57%. O resultado supera o \u00edndice dos 12 meses imediatamente anteriores, que foi 9,25%. A taxa foi o mais elevado resultado em 12 meses desde dezembro de 2003, quando atingiu 9,86%.<\/p>\n<p>Pr\u00e9via do \u00cdndice Nacional de Pre\u00e7os ao Consumidor Amplo (IPCA), a infla\u00e7\u00e3o oficial do pa\u00eds, o IPCA-15 foi divulgado pelo Instituto Brasileiro de Geografia e Estat\u00edstica (IBGE).<\/p>\n<p>O IPCA-15 teve varia\u00e7\u00e3o de 0,43% em agosto e ficou 0,16 ponto percentual abaixo da taxa de 0,59% de julho. Em rela\u00e7\u00e3o aos meses de agosto, consistiu no \u00edndice mais elevado desde 2004, quando foi registrado o \u00edndice de 0,79%.<\/p>\n<p>Com o resultado de agosto, o IPCA-15 fechou os primeiros oito meses do ano com varia\u00e7\u00e3o de acumulada de 7,36%, acima do resultado do mesmo per\u00edodo do ano anterior, equivalente a 4,32%.<\/p>\n<p>O IPCA-15 \u00e9 calculado seguindo a mesma metodologia do IPCA, diferenciando-se entre si apenas pelo per\u00edodo de coleta. A coleta de pre\u00e7os para o c\u00e1lculo do IPCA-15 \u00e9 realizada em estabelecimentos comerciais e de presta\u00e7\u00e3o de servi\u00e7os, concession\u00e1rias de servi\u00e7os p\u00fablicos e domic\u00edlios (para levantamento de aluguel e condom\u00ednio). O per\u00edodo de coleta de pre\u00e7os ocorre entre o dia 16 do m\u00eas anterior e o dia 15 do m\u00eas atual.<\/p>\n<p>O IPCA-15 abrange fam\u00edlias com rendimento mensal entre um e 40 sal\u00e1rios m\u00ednimos, residentes nas regi\u00f5es metropolitanas de S\u00e3o Paulo, Rio de Janeiro, Belo Horizonte, Porto Alegre, Curitiba, Salvador, Recife, Fortaleza, Bel\u00e9m, Distrito Federal e Goi\u00e2nia.<\/p>\n<p>O \u00edndice \u00e9 utilizado para reajustes de Imposto Predial e Territorial Urbano (IPTU) e serve como par\u00e2metro para o c\u00e1lculo do indicador \u00cdndice de Pre\u00e7os ao Consumidor Amplo &#8211; S\u00e9rie Especial (IPCA-E), divulgado trimestralmente pelo IBGE.<\/p>\n<p>Nielmar de Oliveira \u2013 Rep\u00f3rter da Ag\u00eancia Brasil<br \/>\nEdi\u00e7\u00e3o: Jos\u00e9 Romildo<\/p>\n","protected":false},"excerpt":{"rendered":"<p>O \u00cdndice Nacional de Pre\u00e7os ao Consumidor Amplo 15 (IPCA-15) registrou alta, no acumulado dos \u00faltimos 12 meses, de 9,57%. O resultado supera o \u00edndice dos 12 meses imediatamente anteriores, que foi 9,25%. A taxa foi o mais elevado resultado em 12 meses desde dezembro de 2003, quando atingiu 9,86%. Pr\u00e9via do \u00cdndice Nacional de [&hellip;]<\/p>\n","protected":false},"author":2,"featured_media":57584,"comment_status":"open","ping_status":"closed","sticky":false,"template":"","format":"standard","meta":{"_genesis_hide_title":false,"_genesis_hide_breadcrumbs":false,"_genesis_hide_singular_image":false,"_genesis_hide_footer_widgets":false,"_genesis_custom_body_class":"","_genesis_custom_post_class":"","_genesis_layout":"","_jetpack_memberships_contains_paid_content":false,"footnotes":""},"categories":[22,7],"tags":[],"class_list":{"0":"post-74264","1":"post","2":"type-post","3":"status-publish","4":"format-standard","5":"has-post-thumbnail","7":"category-brasil","8":"category-economia","9":"entry","10":"gs-1","11":"gs-odd","12":"gs-even","13":"gs-featured-content-entry"},"jetpack_featured_media_url":"https:\/\/www.redenoticia.com.br\/noticia\/imagens\/economia-grafica-analise-inflacao.jpg","jetpack_sharing_enabled":true,"jetpack_likes_enabled":true,"_links":{"self":[{"href":"https:\/\/www.redenoticia.com.br\/noticia\/wp-json\/wp\/v2\/posts\/74264","targetHints":{"allow":["GET"]}}],"collection":[{"href":"https:\/\/www.redenoticia.com.br\/noticia\/wp-json\/wp\/v2\/posts"}],"about":[{"href":"https:\/\/www.redenoticia.com.br\/noticia\/wp-json\/wp\/v2\/types\/post"}],"author":[{"embeddable":true,"href":"https:\/\/www.redenoticia.com.br\/noticia\/wp-json\/wp\/v2\/users\/2"}],"replies":[{"embeddable":true,"href":"https:\/\/www.redenoticia.com.br\/noticia\/wp-json\/wp\/v2\/comments?post=74264"}],"version-history":[{"count":0,"href":"https:\/\/www.redenoticia.com.br\/noticia\/wp-json\/wp\/v2\/posts\/74264\/revisions"}],"wp:featuredmedia":[{"embeddable":true,"href":"https:\/\/www.redenoticia.com.br\/noticia\/wp-json\/wp\/v2\/media\/57584"}],"wp:attachment":[{"href":"https:\/\/www.redenoticia.com.br\/noticia\/wp-json\/wp\/v2\/media?parent=74264"}],"wp:term":[{"taxonomy":"category","embeddable":true,"href":"https:\/\/www.redenoticia.com.br\/noticia\/wp-json\/wp\/v2\/categories?post=74264"},{"taxonomy":"post_tag","embeddable":true,"href":"https:\/\/www.redenoticia.com.br\/noticia\/wp-json\/wp\/v2\/tags?post=74264"}],"curies":[{"name":"wp","href":"https:\/\/api.w.org\/{rel}","templated":true}]}}