{"id":74262,"date":"2015-08-21T15:36:12","date_gmt":"2015-08-21T18:36:12","guid":{"rendered":"http:\/\/www.redenoticia.com.br\/noticia\/?p=74262"},"modified":"2015-08-21T15:36:12","modified_gmt":"2015-08-21T18:36:12","slug":"estados-querem-aumentar-aliquota-de-imposto-sobre-heranca","status":"publish","type":"post","link":"https:\/\/www.redenoticia.com.br\/noticia\/2015\/estados-querem-aumentar-aliquota-de-imposto-sobre-heranca\/74262","title":{"rendered":"Estados querem aumentar al\u00edquota de imposto sobre heran\u00e7a"},"content":{"rendered":"<p> O Conselho Nacional de Pol\u00edtica Fazend\u00e1ria (Confaz), \u00f3rg\u00e3o que re\u00fane os secret\u00e1rios estaduais de Fazenda do pa\u00eds, decidiu propor eleva\u00e7\u00e3o da al\u00edquota m\u00e1xima para o <strong><em>Imposto de Transmiss\u00e3o de Causa Mortis e Doa\u00e7\u00e3o<\/em><\/strong> (ITCD), que \u00e9 o imposto sobre heran\u00e7a. Atualmente, a al\u00edquota m\u00e1xima \u00e9 8% e os estados querem poder cobrar at\u00e9 20%. Os secret\u00e1rios de Fazenda aprovaram o encaminhamento de uma minuta de resolu\u00e7\u00e3o ao Senado propondo a altera\u00e7\u00e3o.<\/p>\n<p>De acordo com a secret\u00e1ria de Fazenda de Goi\u00e1s, Ana Carla Abr\u00e3o, o objetivo da medida \u00e9 defender as receitas tribut\u00e1rias dos estados, que enfrentam crise financeira. \u201cJ\u00e1 existem estudos que mostram que o Brasil \u00e9 o pa\u00eds que menos tributa o patrim\u00f4nio. Nossa delibera\u00e7\u00e3o foi subir essa al\u00edquota m\u00e1xima para 20%, o que alinha com outros pa\u00edses. Significa protegermos uma base tribut\u00e1ria que \u00e9 dos estados, n\u00e3o do governo federal\u201d, disse Ana Carla, referindo-se \u00e0 discuss\u00e3o para que o governo federal leve parte da arrecada\u00e7\u00e3o do ITCD, hoje dividido entre estados e munic\u00edpios.<\/p>\n<p>Segundo a secret\u00e1ria, isso n\u00e3o significaria \u201cdar uma rasteira\u201d na Uni\u00e3o. \u201cN\u00f3s precisaremos fazer isso se continuar essa situa\u00e7\u00e3o de insensibilidade por parte do governo federal. N\u00f3s estamos fazendo ajuste, gerando super\u00e1vit prim\u00e1rio, cortando na carne\u201d, afirmou Ana Carla. De acordo com ela, o problema mais urgente dos estados s\u00e3o empr\u00e9stimos que o governo federal n\u00e3o est\u00e1 liberando. \u201cO ministro [Joaquim Levy, da Fazenda] sinalizou, no \u00faltimo Confaz, que come\u00e7aria a liberar alguns empr\u00e9stimos, e isso n\u00e3o foi feito. H\u00e1 uma fila de pleitos j\u00e1 analisados pela Procuradoria da Fazenda sem defini\u00e7\u00e3o.\u201d<\/p>\n<p>Joaquim Levy, que \u00e9 presidente do Confaz, n\u00e3o participou da reuni\u00e3o desta quinta-feira. De acordo com Ana Carla, o secret\u00e1rio executivo adjunto do Minist\u00e9rio da Fazenda e presidente substituto do Confaz, Fabr\u00edcio do Rozario Valle Dantas Leite, encarregou-se de levar ao ministro os pleitos dos secret\u00e1rios de Fazenda. Os secret\u00e1rios tamb\u00e9m decidiram formar uma comiss\u00e3o para conversar com o ministro. \u201cFoi criada uma comiss\u00e3o, com um secret\u00e1rio de Fazenda por regi\u00e3o, e dever\u00e1 ser marcado para pr\u00f3xima semana [o encontro com Levy]\u201d, informou a secret\u00e1ria de Fazenda de Goi\u00e1s.<\/p>\n<p>De acordo com o secret\u00e1rio de Fazenda de Mato Grosso, Paulo Truslindo, para estados exportadores, o principal problema \u00e9 o atraso no repasse do Fundo de Fomento \u00e0s Exporta\u00e7\u00f5es (Fex). \u201cMato Grosso \u00e9 um dos estados que t\u00eam um dos maiores n\u00edveis de exporta\u00e7\u00f5es do pa\u00eds, assim como Goi\u00e1s e Par\u00e1. N\u00f3s n\u00e3o recebemos ainda R$ 400 milh\u00f5es relativos ao Fex do ano passado. Isso impacta em uma s\u00e9rie de pontos dentro do estado\u201d, afirmou. Para ele, um dos problemas \u00e9 a necessidade de investir em estradas a fim de escoar a produ\u00e7\u00e3o exportada.<\/p>\n<p>Tamb\u00e9m na reuni\u00e3o desta quinta-feira, o Confaz decidiu encaminhar minuta de resolu\u00e7\u00e3o ao Senado para alinhar em 18% a al\u00edquota do Imposto sobre Circula\u00e7\u00e3o de Mercadorias e Servi\u00e7os (ICMS). \u201cTamb\u00e9m ser\u00e1 encaminhada [minuta para o \u00f3leo diesel]. Goi\u00e1s pratica 18%, tem estados que praticam aliquotas menores e al\u00edquotas maiores. Isso regulamentaria [a quest\u00e3o]\u201d, afirmou Ana Carla Abr\u00e3o. Segundo ela, o objetivo do alinhamento da al\u00edquota \u00e9 p\u00f4r fim a uma guerra fiscal entre os estados.<\/p>\n<p>Mariana Branco \u2013 Rep\u00f3rter da Ag\u00eancia Brasil<br \/>\nEdi\u00e7\u00e3o: Maria Claudia<\/p>\n","protected":false},"excerpt":{"rendered":"<p>O Conselho Nacional de Pol\u00edtica Fazend\u00e1ria (Confaz), \u00f3rg\u00e3o que re\u00fane os secret\u00e1rios estaduais de Fazenda do pa\u00eds, decidiu propor eleva\u00e7\u00e3o da al\u00edquota m\u00e1xima para o Imposto de Transmiss\u00e3o de Causa Mortis e Doa\u00e7\u00e3o (ITCD), que \u00e9 o imposto sobre heran\u00e7a. Atualmente, a al\u00edquota m\u00e1xima \u00e9 8% e os estados querem poder cobrar at\u00e9 20%. Os [&hellip;]<\/p>\n","protected":false},"author":2,"featured_media":57582,"comment_status":"open","ping_status":"closed","sticky":false,"template":"","format":"standard","meta":{"_genesis_hide_title":false,"_genesis_hide_breadcrumbs":false,"_genesis_hide_singular_image":false,"_genesis_hide_footer_widgets":false,"_genesis_custom_body_class":"","_genesis_custom_post_class":"","_genesis_layout":"","_jetpack_memberships_contains_paid_content":false,"footnotes":""},"categories":[22,7],"tags":[],"class_list":{"0":"post-74262","1":"post","2":"type-post","3":"status-publish","4":"format-standard","5":"has-post-thumbnail","7":"category-brasil","8":"category-economia","9":"entry","10":"gs-1","11":"gs-odd","12":"gs-even","13":"gs-featured-content-entry"},"jetpack_featured_media_url":"https:\/\/www.redenoticia.com.br\/noticia\/imagens\/grafico1.jpg","jetpack_sharing_enabled":true,"jetpack_likes_enabled":true,"_links":{"self":[{"href":"https:\/\/www.redenoticia.com.br\/noticia\/wp-json\/wp\/v2\/posts\/74262","targetHints":{"allow":["GET"]}}],"collection":[{"href":"https:\/\/www.redenoticia.com.br\/noticia\/wp-json\/wp\/v2\/posts"}],"about":[{"href":"https:\/\/www.redenoticia.com.br\/noticia\/wp-json\/wp\/v2\/types\/post"}],"author":[{"embeddable":true,"href":"https:\/\/www.redenoticia.com.br\/noticia\/wp-json\/wp\/v2\/users\/2"}],"replies":[{"embeddable":true,"href":"https:\/\/www.redenoticia.com.br\/noticia\/wp-json\/wp\/v2\/comments?post=74262"}],"version-history":[{"count":0,"href":"https:\/\/www.redenoticia.com.br\/noticia\/wp-json\/wp\/v2\/posts\/74262\/revisions"}],"wp:featuredmedia":[{"embeddable":true,"href":"https:\/\/www.redenoticia.com.br\/noticia\/wp-json\/wp\/v2\/media\/57582"}],"wp:attachment":[{"href":"https:\/\/www.redenoticia.com.br\/noticia\/wp-json\/wp\/v2\/media?parent=74262"}],"wp:term":[{"taxonomy":"category","embeddable":true,"href":"https:\/\/www.redenoticia.com.br\/noticia\/wp-json\/wp\/v2\/categories?post=74262"},{"taxonomy":"post_tag","embeddable":true,"href":"https:\/\/www.redenoticia.com.br\/noticia\/wp-json\/wp\/v2\/tags?post=74262"}],"curies":[{"name":"wp","href":"https:\/\/api.w.org\/{rel}","templated":true}]}}