{"id":74231,"date":"2015-08-20T18:36:39","date_gmt":"2015-08-20T21:36:39","guid":{"rendered":"http:\/\/www.redenoticia.com.br\/noticia\/?p=74231"},"modified":"2015-08-20T18:36:39","modified_gmt":"2015-08-20T21:36:39","slug":"empregos-com-carteira-assinada-caem-31-em-um-ano-diz-ibge","status":"publish","type":"post","link":"https:\/\/www.redenoticia.com.br\/noticia\/2015\/empregos-com-carteira-assinada-caem-31-em-um-ano-diz-ibge\/74231","title":{"rendered":"Empregos com carteira assinada caem 3,1% em um ano, diz IBGE"},"content":{"rendered":"<p> <em><strong>Empregos com carteira assinada<\/strong><\/em> e o rendimento real habitual do trabalhador brasileiro registraram queda em julho deste ano, conforme pesquisa divulgada hoje (20) pelo Instituto Brasileiro de Geografia e Estat\u00edstica (IBGE).<\/p>\n<p>Os empregos com carteira assinada somaram, em julho, 11,3 milh\u00f5es nas seis regi\u00f5es metropolitanas analisadas pela Pesquisa Mensal de Emprego (PME). De acordo com o IBGE, o n\u00famero caiu 3,1% em rela\u00e7\u00e3o a julho de 2014. Isso significa que h\u00e1 \u2013 no mercado de trabalho \u2013 menos 359 mil pessoas com carteira assinada.<\/p>\n<p>Na compara\u00e7\u00e3o com junho deste ano, tamb\u00e9m houve uma queda, de 1,5%, no n\u00famero de pessoas com carteira assinada. Os empregos sem carteira assinada somaram 1,98 milh\u00e3o, com estabilidade tanto na compara\u00e7\u00e3o com junho deste ano quanto na compara\u00e7\u00e3o com julho de 2014.<\/p>\n<p>A popula\u00e7\u00e3o ocupada total nas seis regi\u00f5es metropolitanas ficou estatisticamente est\u00e1vel em ambas as compara\u00e7\u00f5es temporais, em 22,8 milh\u00f5es de pessoas.<\/p>\n<p>Entre os grupamentos de atividades, os postos de trabalho mantiveram-se est\u00e1veis em todos eles, na compara\u00e7\u00e3o com junho deste ano. Na compara\u00e7\u00e3o com julho do ano passado, houve quedas na oferta de postos de trabalho na ind\u00fastria (-4%) e na constru\u00e7\u00e3o (-5,2%). Os itens educa\u00e7\u00e3o, sa\u00fade e administra\u00e7\u00e3o p\u00fablica registraram aumento de 4,2% na popula\u00e7\u00e3o ocupada.<\/p>\n<p>Rendimento real<\/p>\n<p>O rendimento real habitual do trabalhador brasileiro caiu 2,4% em julho deste ano, em seis das principais regi\u00f5es metropolitanas do pa\u00eds, na compara\u00e7\u00e3o com o mesmo per\u00edodo do ano passado. Segundo a PME, o rendimento ficou em R$ 2.170,70 em julho deste ano. Em julho de 2014, o rendimento em valores atuais, corrigidos pelo \u00cdndice Nacional de Pre\u00e7os ao Consumidor (INPC), era R$ 2.223,87.<\/p>\n<p>Na compara\u00e7\u00e3o com junho deste ano, no entanto, o rendimento em julho ficou estatisticamente est\u00e1vel.<\/p>\n<p>Em rela\u00e7\u00e3o a julho de 2014, o \u00fanico segmento de atividades que teve alta no rendimento foi educa\u00e7\u00e3o, sa\u00fade e administra\u00e7\u00e3o p\u00fablica (0,7%). Os seis demais segmentos tiveram queda: constru\u00e7\u00e3o (-9,6%), ind\u00fastria (-3,7%), com\u00e9rcio (-3,6%), servi\u00e7os prestados \u00e0s empresas (-3,3%), servi\u00e7os dom\u00e9sticos (-2,2%) e outros servi\u00e7os (-1,9%).<\/p>\n<p>No setor privado, no mesmo tipo de compara\u00e7\u00e3o temporal, houve queda tanto no rendimento dos empregos com carteira assinada (-3,4%) quanto naquele dos empregos sem carteira (-6%).<\/p>\n<p>Entre as seis regi\u00f5es metropolitanas pesquisadas pela PME, na compara\u00e7\u00e3o com o ano passado, houve aumento nos rendimentos em Porto Alegre (1,6%) e Salvador (1,3%). As demais tiveram queda: S\u00e3o Paulo (-3,5%), Recife (-3%), Belo Horizonte (-2,9%) e Rio de Janeiro (-2,8%).<\/p>\n<p>Vitor Abdala \u2013 Rep\u00f3rter da Ag\u00eancia Brasil<br \/>\nEdi\u00e7\u00e3o: Jos\u00e9 Romildo<\/p>\n","protected":false},"excerpt":{"rendered":"<p>Empregos com carteira assinada e o rendimento real habitual do trabalhador brasileiro registraram queda em julho deste ano, conforme pesquisa divulgada hoje (20) pelo Instituto Brasileiro de Geografia e Estat\u00edstica (IBGE). Os empregos com carteira assinada somaram, em julho, 11,3 milh\u00f5es nas seis regi\u00f5es metropolitanas analisadas pela Pesquisa Mensal de Emprego (PME). De acordo com [&hellip;]<\/p>\n","protected":false},"author":2,"featured_media":57583,"comment_status":"open","ping_status":"closed","sticky":false,"template":"","format":"standard","meta":{"_genesis_hide_title":false,"_genesis_hide_breadcrumbs":false,"_genesis_hide_singular_image":false,"_genesis_hide_footer_widgets":false,"_genesis_custom_body_class":"","_genesis_custom_post_class":"","_genesis_layout":"","_jetpack_memberships_contains_paid_content":false,"footnotes":""},"categories":[22,7],"tags":[],"class_list":{"0":"post-74231","1":"post","2":"type-post","3":"status-publish","4":"format-standard","5":"has-post-thumbnail","7":"category-brasil","8":"category-economia","9":"entry","10":"gs-1","11":"gs-odd","12":"gs-even","13":"gs-featured-content-entry"},"jetpack_featured_media_url":"https:\/\/www.redenoticia.com.br\/noticia\/imagens\/economia-grafico.jpg","jetpack_sharing_enabled":true,"jetpack_likes_enabled":true,"_links":{"self":[{"href":"https:\/\/www.redenoticia.com.br\/noticia\/wp-json\/wp\/v2\/posts\/74231","targetHints":{"allow":["GET"]}}],"collection":[{"href":"https:\/\/www.redenoticia.com.br\/noticia\/wp-json\/wp\/v2\/posts"}],"about":[{"href":"https:\/\/www.redenoticia.com.br\/noticia\/wp-json\/wp\/v2\/types\/post"}],"author":[{"embeddable":true,"href":"https:\/\/www.redenoticia.com.br\/noticia\/wp-json\/wp\/v2\/users\/2"}],"replies":[{"embeddable":true,"href":"https:\/\/www.redenoticia.com.br\/noticia\/wp-json\/wp\/v2\/comments?post=74231"}],"version-history":[{"count":0,"href":"https:\/\/www.redenoticia.com.br\/noticia\/wp-json\/wp\/v2\/posts\/74231\/revisions"}],"wp:featuredmedia":[{"embeddable":true,"href":"https:\/\/www.redenoticia.com.br\/noticia\/wp-json\/wp\/v2\/media\/57583"}],"wp:attachment":[{"href":"https:\/\/www.redenoticia.com.br\/noticia\/wp-json\/wp\/v2\/media?parent=74231"}],"wp:term":[{"taxonomy":"category","embeddable":true,"href":"https:\/\/www.redenoticia.com.br\/noticia\/wp-json\/wp\/v2\/categories?post=74231"},{"taxonomy":"post_tag","embeddable":true,"href":"https:\/\/www.redenoticia.com.br\/noticia\/wp-json\/wp\/v2\/tags?post=74231"}],"curies":[{"name":"wp","href":"https:\/\/api.w.org\/{rel}","templated":true}]}}