{"id":74229,"date":"2015-08-20T18:35:10","date_gmt":"2015-08-20T21:35:10","guid":{"rendered":"http:\/\/www.redenoticia.com.br\/noticia\/?p=74229"},"modified":"2015-08-20T18:35:10","modified_gmt":"2015-08-20T21:35:10","slug":"taxa-de-desemprego-atinge-75-em-seis-regioes-metropolitanas","status":"publish","type":"post","link":"https:\/\/www.redenoticia.com.br\/noticia\/2015\/taxa-de-desemprego-atinge-75-em-seis-regioes-metropolitanas\/74229","title":{"rendered":"Taxa de desemprego atinge 7,5% em seis regi\u00f5es metropolitanas"},"content":{"rendered":"<p>A<em><strong> taxa de desemprego<\/strong><\/em> nas seis das principais regi\u00f5es metropolitanas do pa\u00eds chegou a 7,5% em julho deste ano, segundo a Pesquisa Mensal de Emprego (PME), divulgada pelo Instituto Brasileiro de Geografia e Estat\u00edstica (IBGE). A taxa \u00e9 superior ao n\u00edvel de 6,9% de junho deste ano e aos 4,9% de julho de 2014.<\/p>\n<p>O \u00edndice \u00e9 tamb\u00e9m o mais alto para o m\u00eas de julho desde 2009, quando foi registrada uma taxa de 8%. A popula\u00e7\u00e3o desocupada ficou em 1,8 milh\u00e3o, crescimento de 9,4% em rela\u00e7\u00e3o a junho deste ano e de 56% em rela\u00e7\u00e3o a julho de 2014. Isso significa que mais 662 mil pessoas buscaram trabalho entre julho do ano passado e julho deste ano.<\/p>\n<p>A popula\u00e7\u00e3o ocupada ficou estatisticamente est\u00e1vel em ambas as compara\u00e7\u00f5es temporais, em 22,8 milh\u00f5es de pessoas. A PME inclui as regi\u00f5es metropolitanas de S\u00e3o Paulo, Rio de Janeiro, Recife, Salvador, Belo Horizonte e Porto Alegre.<\/p>\n<p>Vitor Abdala \u2013 Rep\u00f3rter da Ag\u00eancia Brasil<br \/>\nEdi\u00e7\u00e3o: Jos\u00e9 Romildo<\/p>\n<p>&#8212;<br \/>\nA Empresa Brasil de Comunica\u00e7\u00e3o \u00e9 uma institui\u00e7\u00e3o da democracia brasileira: p\u00fablica, inclusiva e cidad\u00e3. Criada em 2007 para fortalecer o sistema p\u00fablico de comunica\u00e7\u00e3o, \u00e9 gestora dos canais TV Brasil, TV Brasil Internacional, Ag\u00eancia Brasil, Radioag\u00eancia Nacional e do sistema p\u00fablico de R\u00e1dio \u2013 composto por oito emissoras. Estes, por sua independ\u00eancia editorial, distinguem-se dos canais estatais ou governamentais, com conte\u00fados diferenciados e complementares aos canais privados. Os ve\u00edculos da EBC t\u00eam autonomia para definir produ\u00e7\u00e3o, programa\u00e7\u00e3o e distribui\u00e7\u00e3o de conte\u00fados.<\/p>\n","protected":false},"excerpt":{"rendered":"<p>A taxa de desemprego nas seis das principais regi\u00f5es metropolitanas do pa\u00eds chegou a 7,5% em julho deste ano, segundo a Pesquisa Mensal de Emprego (PME), divulgada pelo Instituto Brasileiro de Geografia e Estat\u00edstica (IBGE). A taxa \u00e9 superior ao n\u00edvel de 6,9% de junho deste ano e aos 4,9% de julho de 2014. O [&hellip;]<\/p>\n","protected":false},"author":2,"featured_media":38940,"comment_status":"open","ping_status":"closed","sticky":false,"template":"","format":"standard","meta":{"_genesis_hide_title":false,"_genesis_hide_breadcrumbs":false,"_genesis_hide_singular_image":false,"_genesis_hide_footer_widgets":false,"_genesis_custom_body_class":"","_genesis_custom_post_class":"","_genesis_layout":"","_jetpack_memberships_contains_paid_content":false,"footnotes":""},"categories":[22,7],"tags":[],"class_list":{"0":"post-74229","1":"post","2":"type-post","3":"status-publish","4":"format-standard","5":"has-post-thumbnail","7":"category-brasil","8":"category-economia","9":"entry","10":"gs-1","11":"gs-odd","12":"gs-even","13":"gs-featured-content-entry"},"jetpack_featured_media_url":"https:\/\/www.redenoticia.com.br\/noticia\/imagens\/grafico.jpg","jetpack_sharing_enabled":true,"jetpack_likes_enabled":true,"_links":{"self":[{"href":"https:\/\/www.redenoticia.com.br\/noticia\/wp-json\/wp\/v2\/posts\/74229","targetHints":{"allow":["GET"]}}],"collection":[{"href":"https:\/\/www.redenoticia.com.br\/noticia\/wp-json\/wp\/v2\/posts"}],"about":[{"href":"https:\/\/www.redenoticia.com.br\/noticia\/wp-json\/wp\/v2\/types\/post"}],"author":[{"embeddable":true,"href":"https:\/\/www.redenoticia.com.br\/noticia\/wp-json\/wp\/v2\/users\/2"}],"replies":[{"embeddable":true,"href":"https:\/\/www.redenoticia.com.br\/noticia\/wp-json\/wp\/v2\/comments?post=74229"}],"version-history":[{"count":0,"href":"https:\/\/www.redenoticia.com.br\/noticia\/wp-json\/wp\/v2\/posts\/74229\/revisions"}],"wp:featuredmedia":[{"embeddable":true,"href":"https:\/\/www.redenoticia.com.br\/noticia\/wp-json\/wp\/v2\/media\/38940"}],"wp:attachment":[{"href":"https:\/\/www.redenoticia.com.br\/noticia\/wp-json\/wp\/v2\/media?parent=74229"}],"wp:term":[{"taxonomy":"category","embeddable":true,"href":"https:\/\/www.redenoticia.com.br\/noticia\/wp-json\/wp\/v2\/categories?post=74229"},{"taxonomy":"post_tag","embeddable":true,"href":"https:\/\/www.redenoticia.com.br\/noticia\/wp-json\/wp\/v2\/tags?post=74229"}],"curies":[{"name":"wp","href":"https:\/\/api.w.org\/{rel}","templated":true}]}}