{"id":74227,"date":"2015-08-20T18:34:00","date_gmt":"2015-08-20T21:34:00","guid":{"rendered":"http:\/\/www.redenoticia.com.br\/noticia\/?p=74227"},"modified":"2015-08-20T18:34:00","modified_gmt":"2015-08-20T21:34:00","slug":"inadimplencia-das-empresas-registra-alta-de-66-mostra-serasa","status":"publish","type":"post","link":"https:\/\/www.redenoticia.com.br\/noticia\/2015\/inadimplencia-das-empresas-registra-alta-de-66-mostra-serasa\/74227","title":{"rendered":"Inadimpl\u00eancia das empresas registra alta de 6,6%, mostra Serasa"},"content":{"rendered":"<p> A <em><strong>inadimpl\u00eancia das empresas<\/strong> <\/em>teve crescimento de 6,6% em julho na compara\u00e7\u00e3o com junho, segundo a empresa de consultoria Serasa Experian. Na compara\u00e7\u00e3o com julho de 2014, o \u00edndice teve eleva\u00e7\u00e3o de 12,6%.<\/p>\n<p>No acumulado deste ano at\u00e9 julho, o \u00edndice teve eleva\u00e7\u00e3o de 12,9% em rela\u00e7\u00e3o ao mesmo per\u00edodo do ano anterior. Foi o maior percentual nesta base de compara\u00e7\u00e3o desde 2012, quando houve aumento de 15,2%.<\/p>\n<p>Os t\u00edtulos protestados foram os que mais pesaram para a alta do \u00edndice no m\u00eas, com crescimento de 14,2%. As d\u00edvidas n\u00e3o banc\u00e1rias, como de cart\u00f5es de cr\u00e9dito, financeiras, lojas em geral, prestadoras de servi\u00e7os como telefonia e fornecimento de energia el\u00e9trica e \u00e1gua, subiram 4,2%. Os cheques sem fundos, 11,9%. A inadimpl\u00eancia com os bancos teve queda de 1,9%.<\/p>\n<p>O valor m\u00e9dio dos t\u00edtulos protestados cresceu 14,1% de janeiro a julho, na compara\u00e7\u00e3o com o mesmo per\u00edodo do ano anterior. O valor m\u00e9dio dos cheques sem fundos e das d\u00edvidas n\u00e3o banc\u00e1rias tiveram alta de 8,5% e 0,5%, respectivamente. O valor m\u00e9dio da inadimpl\u00eancia com os bancos registrou queda de 17,6%.<\/p>\n<p>Segundo os economistas da Serasa Experian, a recess\u00e3o econ\u00f4mica vem afetando negativamente a gera\u00e7\u00e3o de caixa das empresas e o encarecimento do cr\u00e9dito pelas sucessivas eleva\u00e7\u00f5es das taxas de juros, aumentando as despesas financeiras e prejudicado a sa\u00fade financeira das empresas brasileiras.<\/p>\n<p>Fernanda Cruz \u2013 Rep\u00f3rter da Ag\u00eancia Brasil<br \/>\nEdi\u00e7\u00e3o: Maria Claudia<\/p>\n","protected":false},"excerpt":{"rendered":"<p>A inadimpl\u00eancia das empresas teve crescimento de 6,6% em julho na compara\u00e7\u00e3o com junho, segundo a empresa de consultoria Serasa Experian. Na compara\u00e7\u00e3o com julho de 2014, o \u00edndice teve eleva\u00e7\u00e3o de 12,6%. No acumulado deste ano at\u00e9 julho, o \u00edndice teve eleva\u00e7\u00e3o de 12,9% em rela\u00e7\u00e3o ao mesmo per\u00edodo do ano anterior. Foi o [&hellip;]<\/p>\n","protected":false},"author":2,"featured_media":57585,"comment_status":"open","ping_status":"closed","sticky":false,"template":"","format":"standard","meta":{"_genesis_hide_title":false,"_genesis_hide_breadcrumbs":false,"_genesis_hide_singular_image":false,"_genesis_hide_footer_widgets":false,"_genesis_custom_body_class":"","_genesis_custom_post_class":"","_genesis_layout":"","_jetpack_memberships_contains_paid_content":false,"footnotes":""},"categories":[22,7],"tags":[],"class_list":{"0":"post-74227","1":"post","2":"type-post","3":"status-publish","4":"format-standard","5":"has-post-thumbnail","7":"category-brasil","8":"category-economia","9":"entry","10":"gs-1","11":"gs-odd","12":"gs-even","13":"gs-featured-content-entry"},"jetpack_featured_media_url":"https:\/\/www.redenoticia.com.br\/noticia\/imagens\/analise-economia.jpg","jetpack_sharing_enabled":true,"jetpack_likes_enabled":true,"_links":{"self":[{"href":"https:\/\/www.redenoticia.com.br\/noticia\/wp-json\/wp\/v2\/posts\/74227","targetHints":{"allow":["GET"]}}],"collection":[{"href":"https:\/\/www.redenoticia.com.br\/noticia\/wp-json\/wp\/v2\/posts"}],"about":[{"href":"https:\/\/www.redenoticia.com.br\/noticia\/wp-json\/wp\/v2\/types\/post"}],"author":[{"embeddable":true,"href":"https:\/\/www.redenoticia.com.br\/noticia\/wp-json\/wp\/v2\/users\/2"}],"replies":[{"embeddable":true,"href":"https:\/\/www.redenoticia.com.br\/noticia\/wp-json\/wp\/v2\/comments?post=74227"}],"version-history":[{"count":0,"href":"https:\/\/www.redenoticia.com.br\/noticia\/wp-json\/wp\/v2\/posts\/74227\/revisions"}],"wp:featuredmedia":[{"embeddable":true,"href":"https:\/\/www.redenoticia.com.br\/noticia\/wp-json\/wp\/v2\/media\/57585"}],"wp:attachment":[{"href":"https:\/\/www.redenoticia.com.br\/noticia\/wp-json\/wp\/v2\/media?parent=74227"}],"wp:term":[{"taxonomy":"category","embeddable":true,"href":"https:\/\/www.redenoticia.com.br\/noticia\/wp-json\/wp\/v2\/categories?post=74227"},{"taxonomy":"post_tag","embeddable":true,"href":"https:\/\/www.redenoticia.com.br\/noticia\/wp-json\/wp\/v2\/tags?post=74227"}],"curies":[{"name":"wp","href":"https:\/\/api.w.org\/{rel}","templated":true}]}}