{"id":74163,"date":"2015-08-19T15:14:41","date_gmt":"2015-08-19T18:14:41","guid":{"rendered":"http:\/\/www.redenoticia.com.br\/noticia\/?p=74163"},"modified":"2015-08-19T15:14:41","modified_gmt":"2015-08-19T18:14:41","slug":"intencao-de-consumo-das-familias-recua-59-em-agosto","status":"publish","type":"post","link":"https:\/\/www.redenoticia.com.br\/noticia\/2015\/intencao-de-consumo-das-familias-recua-59-em-agosto\/74163","title":{"rendered":"Inten\u00e7\u00e3o de Consumo das Fam\u00edlias recua 5,9% em agosto"},"content":{"rendered":"<p> A <strong><em>Inten\u00e7\u00e3o de Consumo das Fam\u00edlias<\/em><\/strong>, medida pela Confedera\u00e7\u00e3o Nacional do Com\u00e9rcio de Bens, Servi\u00e7os e Turismo (CNC), caiu 5,9% em agosto, na compara\u00e7\u00e3o com o m\u00eas anterior. Na compara\u00e7\u00e3o com agosto de 2014, a queda foi 32,3%. Com o resultado, o indicador atingiu, pela s\u00e9tima vez consecutiva, o menor patamar da s\u00e9rie hist\u00f3rica, iniciada em janeiro de 2010.<\/p>\n<p>Os sete itens que comp\u00f5em a Inten\u00e7\u00e3o do Consumo das Fam\u00edlias recuaram de julho para agosto, com destaque para perspectiva de consumo (-11,4%) e momento para a compra de bens dur\u00e1veis (-9,2%). Os demais componentes tiveram as seguintes taxas de recuo: n\u00edvel de consumo atual (-7,4%), compra a prazo (-4,8%), renda atual (-4,4%), perspectiva profissional (-4,2%) e emprego atual (-3,1%).<\/p>\n<p>Na compara\u00e7\u00e3o com agosto do ano passado, tamb\u00e9m houve queda nos sete componentes do indicador: momento para dur\u00e1veis (-49,5%), perspectiva de consumo (-46,7%), n\u00edvel de consumo atual (-38,2%), compra a prazo (-35,8%), renda atual (-26,6%), emprego atual (-16,6%) e perspectiva profissional (-16,3%).<\/p>\n<p>Entre as fam\u00edlias com renda at\u00e9 dez sal\u00e1rios m\u00ednimos, as quedas da inten\u00e7\u00e3o de consumo foram de 6,3% na compara\u00e7\u00e3o com julho deste ano e 32,3% na compara\u00e7\u00e3o com agosto de 2014. Entre as fam\u00edlias com renda superior a dez sal\u00e1rios m\u00ednimos, os recuos foram 3,9% em rela\u00e7\u00e3o a julho e 32,6% em rela\u00e7\u00e3o a agosto do ano passado.<\/p>\n<p>Vitor Abdala \u2013 Rep\u00f3rter da Ag\u00eancia Brasil<br \/>\nEdi\u00e7\u00e3o: Denise Griesinger<\/p>\n","protected":false},"excerpt":{"rendered":"<p>A Inten\u00e7\u00e3o de Consumo das Fam\u00edlias, medida pela Confedera\u00e7\u00e3o Nacional do Com\u00e9rcio de Bens, Servi\u00e7os e Turismo (CNC), caiu 5,9% em agosto, na compara\u00e7\u00e3o com o m\u00eas anterior. Na compara\u00e7\u00e3o com agosto de 2014, a queda foi 32,3%. Com o resultado, o indicador atingiu, pela s\u00e9tima vez consecutiva, o menor patamar da s\u00e9rie hist\u00f3rica, iniciada [&hellip;]<\/p>\n","protected":false},"author":2,"featured_media":57584,"comment_status":"open","ping_status":"closed","sticky":false,"template":"","format":"standard","meta":{"_genesis_hide_title":false,"_genesis_hide_breadcrumbs":false,"_genesis_hide_singular_image":false,"_genesis_hide_footer_widgets":false,"_genesis_custom_body_class":"","_genesis_custom_post_class":"","_genesis_layout":"","_jetpack_memberships_contains_paid_content":false,"footnotes":""},"categories":[22,7],"tags":[],"class_list":{"0":"post-74163","1":"post","2":"type-post","3":"status-publish","4":"format-standard","5":"has-post-thumbnail","7":"category-brasil","8":"category-economia","9":"entry","10":"gs-1","11":"gs-odd","12":"gs-even","13":"gs-featured-content-entry"},"jetpack_featured_media_url":"https:\/\/www.redenoticia.com.br\/noticia\/imagens\/economia-grafica-analise-inflacao.jpg","jetpack_sharing_enabled":true,"jetpack_likes_enabled":true,"_links":{"self":[{"href":"https:\/\/www.redenoticia.com.br\/noticia\/wp-json\/wp\/v2\/posts\/74163","targetHints":{"allow":["GET"]}}],"collection":[{"href":"https:\/\/www.redenoticia.com.br\/noticia\/wp-json\/wp\/v2\/posts"}],"about":[{"href":"https:\/\/www.redenoticia.com.br\/noticia\/wp-json\/wp\/v2\/types\/post"}],"author":[{"embeddable":true,"href":"https:\/\/www.redenoticia.com.br\/noticia\/wp-json\/wp\/v2\/users\/2"}],"replies":[{"embeddable":true,"href":"https:\/\/www.redenoticia.com.br\/noticia\/wp-json\/wp\/v2\/comments?post=74163"}],"version-history":[{"count":0,"href":"https:\/\/www.redenoticia.com.br\/noticia\/wp-json\/wp\/v2\/posts\/74163\/revisions"}],"wp:featuredmedia":[{"embeddable":true,"href":"https:\/\/www.redenoticia.com.br\/noticia\/wp-json\/wp\/v2\/media\/57584"}],"wp:attachment":[{"href":"https:\/\/www.redenoticia.com.br\/noticia\/wp-json\/wp\/v2\/media?parent=74163"}],"wp:term":[{"taxonomy":"category","embeddable":true,"href":"https:\/\/www.redenoticia.com.br\/noticia\/wp-json\/wp\/v2\/categories?post=74163"},{"taxonomy":"post_tag","embeddable":true,"href":"https:\/\/www.redenoticia.com.br\/noticia\/wp-json\/wp\/v2\/tags?post=74163"}],"curies":[{"name":"wp","href":"https:\/\/api.w.org\/{rel}","templated":true}]}}