{"id":74160,"date":"2015-08-19T15:11:56","date_gmt":"2015-08-19T18:11:56","guid":{"rendered":"http:\/\/www.redenoticia.com.br\/noticia\/?p=74160"},"modified":"2015-08-19T15:11:56","modified_gmt":"2015-08-19T18:11:56","slug":"atividade-economica-registra-queda-de-189-no-segundo-trimestre","status":"publish","type":"post","link":"https:\/\/www.redenoticia.com.br\/noticia\/2015\/atividade-economica-registra-queda-de-189-no-segundo-trimestre\/74160","title":{"rendered":"Atividade econ\u00f4mica registra queda de 1,89% no segundo trimestre"},"content":{"rendered":"<p> A <strong><em>atividade econ\u00f4mica est\u00e1 em queda<\/em><\/strong> este ano. De acordo com o \u00cdndice de Atividade Econ\u00f4mica do Banco Central (IBC-Br) dessazonalizado (ajustado para o per\u00edodo), houve retra\u00e7\u00e3o de 1,89% no segundo trimestre deste ano, comparado com o per\u00edodo anterior &#8211; de janeiro a mar\u00e7o.<\/p>\n<p>O IBC-Br \u00e9 uma forma de avaliar a evolu\u00e7\u00e3o da atividade econ\u00f4mica brasileira. O \u00edndice incorpora informa\u00e7\u00f5es sobre o n\u00edvel de atividade dos tr\u00eas setores da economia: ind\u00fastria, com\u00e9rcio e servi\u00e7os e agropecu\u00e1ria.<\/p>\n<p>Em rela\u00e7\u00e3o ao segundo trimestre de 2014, a retra\u00e7\u00e3o chegou a 3,09%, segundo os dados sem ajustes, j\u00e1 que a compara\u00e7\u00e3o \u00e9 feita entre per\u00edodos iguais.<\/p>\n<p>Em junho, o IBC-Br tamb\u00e9m registrou queda, de 0,58%, na compara\u00e7\u00e3o com maio (dado dessazonalizado). No primeiro semestre, houve queda de 2,58% e em 12 meses encerrados em junho, de 1,64%. De acordo com os dados sem ajuste, houve queda de 2,49% no primeiro semestre e de 1,61%, em 12 meses.<\/p>\n<p>O indicador oficial sobre o desempenho da economia \u00e9 o Produto Interno Bruto (PIB), divulgado pelo Instituto Brasileiro de Geografia e Estat\u00edstica (IBGE). Na avalia\u00e7\u00e3o do mercado financeiro, o PIB deve ter queda de 2,01%, este ano.<\/p>\n<p>Kelly Oliveira \u2013 Rep\u00f3rter da Ag\u00eancia Brasil<br \/>\nEdi\u00e7\u00e3o: Jos\u00e9 Romildo<\/p>\n","protected":false},"excerpt":{"rendered":"<p>A atividade econ\u00f4mica est\u00e1 em queda este ano. De acordo com o \u00cdndice de Atividade Econ\u00f4mica do Banco Central (IBC-Br) dessazonalizado (ajustado para o per\u00edodo), houve retra\u00e7\u00e3o de 1,89% no segundo trimestre deste ano, comparado com o per\u00edodo anterior &#8211; de janeiro a mar\u00e7o. O IBC-Br \u00e9 uma forma de avaliar a evolu\u00e7\u00e3o da atividade [&hellip;]<\/p>\n","protected":false},"author":2,"featured_media":57583,"comment_status":"open","ping_status":"closed","sticky":false,"template":"","format":"standard","meta":{"_genesis_hide_title":false,"_genesis_hide_breadcrumbs":false,"_genesis_hide_singular_image":false,"_genesis_hide_footer_widgets":false,"_genesis_custom_body_class":"","_genesis_custom_post_class":"","_genesis_layout":"","_jetpack_memberships_contains_paid_content":false,"footnotes":""},"categories":[22,7],"tags":[],"class_list":{"0":"post-74160","1":"post","2":"type-post","3":"status-publish","4":"format-standard","5":"has-post-thumbnail","7":"category-brasil","8":"category-economia","9":"entry","10":"gs-1","11":"gs-odd","12":"gs-even","13":"gs-featured-content-entry"},"jetpack_featured_media_url":"https:\/\/www.redenoticia.com.br\/noticia\/imagens\/economia-grafico.jpg","jetpack_sharing_enabled":true,"jetpack_likes_enabled":true,"_links":{"self":[{"href":"https:\/\/www.redenoticia.com.br\/noticia\/wp-json\/wp\/v2\/posts\/74160","targetHints":{"allow":["GET"]}}],"collection":[{"href":"https:\/\/www.redenoticia.com.br\/noticia\/wp-json\/wp\/v2\/posts"}],"about":[{"href":"https:\/\/www.redenoticia.com.br\/noticia\/wp-json\/wp\/v2\/types\/post"}],"author":[{"embeddable":true,"href":"https:\/\/www.redenoticia.com.br\/noticia\/wp-json\/wp\/v2\/users\/2"}],"replies":[{"embeddable":true,"href":"https:\/\/www.redenoticia.com.br\/noticia\/wp-json\/wp\/v2\/comments?post=74160"}],"version-history":[{"count":0,"href":"https:\/\/www.redenoticia.com.br\/noticia\/wp-json\/wp\/v2\/posts\/74160\/revisions"}],"wp:featuredmedia":[{"embeddable":true,"href":"https:\/\/www.redenoticia.com.br\/noticia\/wp-json\/wp\/v2\/media\/57583"}],"wp:attachment":[{"href":"https:\/\/www.redenoticia.com.br\/noticia\/wp-json\/wp\/v2\/media?parent=74160"}],"wp:term":[{"taxonomy":"category","embeddable":true,"href":"https:\/\/www.redenoticia.com.br\/noticia\/wp-json\/wp\/v2\/categories?post=74160"},{"taxonomy":"post_tag","embeddable":true,"href":"https:\/\/www.redenoticia.com.br\/noticia\/wp-json\/wp\/v2\/tags?post=74160"}],"curies":[{"name":"wp","href":"https:\/\/api.w.org\/{rel}","templated":true}]}}