{"id":74158,"date":"2015-08-19T15:09:56","date_gmt":"2015-08-19T18:09:56","guid":{"rendered":"http:\/\/www.redenoticia.com.br\/noticia\/?p=74158"},"modified":"2015-08-19T15:09:56","modified_gmt":"2015-08-19T18:09:56","slug":"emprego-na-industria-recua-1-em-junho","status":"publish","type":"post","link":"https:\/\/www.redenoticia.com.br\/noticia\/2015\/emprego-na-industria-recua-1-em-junho\/74158","title":{"rendered":"Emprego na ind\u00fastria recua 1% em junho"},"content":{"rendered":"<p> O total de <strong><em>pessoas empregadas<\/em><\/strong> na ind\u00fastria brasileira caiu 1% em junho deste ano, em compara\u00e7\u00e3o a maio. Essa \u00e9 a sexta queda consecutiva do indicador, que acumula perda de 4,1% no ano, segundo a Pesquisa Industrial Mensal de Empregos e Sal\u00e1rios (Pimes), divulgada pelo Instituto Brasileiro de Geografia e Estat\u00edstica (IBGE).<\/p>\n<p>Na compara\u00e7\u00e3o com junho do ano passado, houve perda de 6,3% dos postos de trabalho. O emprego industrial acumula quedas de 5,2% no ano e de 4,6% no per\u00edodo de 12 meses.<\/p>\n<p>A queda de 6,3% na compara\u00e7\u00e3o com junho do ano passado foi provocada por recuos nos 18 ramos de atividades pesquisadas pelo IBGE, com destaque para meios de transporte (-11,4%), m\u00e1quinas e aparelhos eletroeletr\u00f4nicos e de comunica\u00e7\u00f5es (-13,9%), produtos de metal (-11,8%), m\u00e1quinas e equipamentos (-8,9%) e alimentos e bebidas (-3%).<\/p>\n<p>O n\u00famero de horas pagas aos empregados tamb\u00e9m apresentou queda nas quatro compara\u00e7\u00f5es temporais, de 0,6% na compara\u00e7\u00e3o com maio deste ano, de 6,3% na compara\u00e7\u00e3o com junho de 2014, de 5,8% no acumulado do ano e de 5,3% no acumulado de 12 meses.<\/p>\n<p>J\u00e1 a folha de pagamento real teve aumento de 1,3% na compara\u00e7\u00e3o com maio, mas apresentou quedas nas outras tr\u00eas compara\u00e7\u00f5es: com junho de 2014 (-7,1%), acumulado do ano (-6,1%) e acumulado de 12 meses (-4,7%).<\/p>\n<p>Vitor Abdala \u2013 Rep\u00f3rter da Ag\u00eancia Brasil<br \/>\nEdi\u00e7\u00e3o: Jos\u00e9 Romildo<\/p>\n","protected":false},"excerpt":{"rendered":"<p>O total de pessoas empregadas na ind\u00fastria brasileira caiu 1% em junho deste ano, em compara\u00e7\u00e3o a maio. Essa \u00e9 a sexta queda consecutiva do indicador, que acumula perda de 4,1% no ano, segundo a Pesquisa Industrial Mensal de Empregos e Sal\u00e1rios (Pimes), divulgada pelo Instituto Brasileiro de Geografia e Estat\u00edstica (IBGE). Na compara\u00e7\u00e3o com [&hellip;]<\/p>\n","protected":false},"author":2,"featured_media":57585,"comment_status":"open","ping_status":"closed","sticky":false,"template":"","format":"standard","meta":{"_genesis_hide_title":false,"_genesis_hide_breadcrumbs":false,"_genesis_hide_singular_image":false,"_genesis_hide_footer_widgets":false,"_genesis_custom_body_class":"","_genesis_custom_post_class":"","_genesis_layout":"","_jetpack_memberships_contains_paid_content":false,"footnotes":""},"categories":[22,7],"tags":[],"class_list":{"0":"post-74158","1":"post","2":"type-post","3":"status-publish","4":"format-standard","5":"has-post-thumbnail","7":"category-brasil","8":"category-economia","9":"entry","10":"gs-1","11":"gs-odd","12":"gs-even","13":"gs-featured-content-entry"},"jetpack_featured_media_url":"https:\/\/www.redenoticia.com.br\/noticia\/imagens\/analise-economia.jpg","jetpack_sharing_enabled":true,"jetpack_likes_enabled":true,"_links":{"self":[{"href":"https:\/\/www.redenoticia.com.br\/noticia\/wp-json\/wp\/v2\/posts\/74158","targetHints":{"allow":["GET"]}}],"collection":[{"href":"https:\/\/www.redenoticia.com.br\/noticia\/wp-json\/wp\/v2\/posts"}],"about":[{"href":"https:\/\/www.redenoticia.com.br\/noticia\/wp-json\/wp\/v2\/types\/post"}],"author":[{"embeddable":true,"href":"https:\/\/www.redenoticia.com.br\/noticia\/wp-json\/wp\/v2\/users\/2"}],"replies":[{"embeddable":true,"href":"https:\/\/www.redenoticia.com.br\/noticia\/wp-json\/wp\/v2\/comments?post=74158"}],"version-history":[{"count":0,"href":"https:\/\/www.redenoticia.com.br\/noticia\/wp-json\/wp\/v2\/posts\/74158\/revisions"}],"wp:featuredmedia":[{"embeddable":true,"href":"https:\/\/www.redenoticia.com.br\/noticia\/wp-json\/wp\/v2\/media\/57585"}],"wp:attachment":[{"href":"https:\/\/www.redenoticia.com.br\/noticia\/wp-json\/wp\/v2\/media?parent=74158"}],"wp:term":[{"taxonomy":"category","embeddable":true,"href":"https:\/\/www.redenoticia.com.br\/noticia\/wp-json\/wp\/v2\/categories?post=74158"},{"taxonomy":"post_tag","embeddable":true,"href":"https:\/\/www.redenoticia.com.br\/noticia\/wp-json\/wp\/v2\/tags?post=74158"}],"curies":[{"name":"wp","href":"https:\/\/api.w.org\/{rel}","templated":true}]}}