{"id":74154,"date":"2015-08-19T15:04:26","date_gmt":"2015-08-19T18:04:26","guid":{"rendered":"http:\/\/www.redenoticia.com.br\/noticia\/?p=74154"},"modified":"2015-08-19T15:04:26","modified_gmt":"2015-08-19T18:04:26","slug":"blog-do-procon-sp-orienta-sobre-ma-prestacao-de-servicos","status":"publish","type":"post","link":"https:\/\/www.redenoticia.com.br\/noticia\/2015\/blog-do-procon-sp-orienta-sobre-ma-prestacao-de-servicos\/74154","title":{"rendered":"Blog do Procon-SP orienta sobre m\u00e1 presta\u00e7\u00e3o de servi\u00e7os"},"content":{"rendered":"<p>Muitos consumidores s\u00e3o prejudicados diariamente pela m\u00e1 qualidade na presta\u00e7\u00e3o de servi\u00e7os em geral. Apesar do aborrecimento causado por essa situa\u00e7\u00e3o, o <strong><em>C\u00f3digo de Defesa do Consumidor<\/em><\/strong> (CDC) assegura direitos como a re-execu\u00e7\u00e3o dos servi\u00e7os sem custo adicional.<\/p>\n<p>No Blog Educa\u00e7\u00e3o para o Consumo, a Funda\u00e7\u00e3o Procon-SP detalha como o consumidor pode agir nas mais variadas situa\u00e7\u00f5es em que um servi\u00e7o contratado n\u00e3o foi prestado da maneira adequada.<\/p>\n<p>Por exemplo, voc\u00ea sabia que uma das alternativas \u00e9 pedir a restitui\u00e7\u00e3o imediata da quantia paga, com corre\u00e7\u00e3o monet\u00e1ria e sem preju\u00edzo de eventuais perdas e danos? Clique para ler o post completo.<\/p>\n<p>Do Portal do Governo do Estado SP<\/p>\n<p>&#8212;<br \/>\nSegundo o artigo 20 do C\u00f3digo de Defesa da Consumidor, quando o servi\u00e7o n\u00e3o \u00e9 prestado de acordo com a oferta ou apresenta problemas de qualidade, o voc\u00ea pode exigir, alternativamente e \u00e0 sua escolha:<\/p>\n<p>I &#8211; a reexecu\u00e7\u00e3o dos servi\u00e7os, sem custo adicional;<\/p>\n<p>II &#8211; a restitui\u00e7\u00e3o imediata da quantia paga, monetariamente atualizada, sem preju\u00edzo de eventuais perdas e danos;<\/p>\n<p>III &#8211; o abatimento proporcional do pre\u00e7o.<\/p>\n","protected":false},"excerpt":{"rendered":"<p>Muitos consumidores s\u00e3o prejudicados diariamente pela m\u00e1 qualidade na presta\u00e7\u00e3o de servi\u00e7os em geral. Apesar do aborrecimento causado por essa situa\u00e7\u00e3o, o C\u00f3digo de Defesa do Consumidor (CDC) assegura direitos como a re-execu\u00e7\u00e3o dos servi\u00e7os sem custo adicional. No Blog Educa\u00e7\u00e3o para o Consumo, a Funda\u00e7\u00e3o Procon-SP detalha como o consumidor pode agir nas mais [&hellip;]<\/p>\n","protected":false},"author":2,"featured_media":37419,"comment_status":"open","ping_status":"closed","sticky":false,"template":"","format":"standard","meta":{"_genesis_hide_title":false,"_genesis_hide_breadcrumbs":false,"_genesis_hide_singular_image":false,"_genesis_hide_footer_widgets":false,"_genesis_custom_body_class":"","_genesis_custom_post_class":"","_genesis_layout":"","_jetpack_memberships_contains_paid_content":false,"footnotes":""},"categories":[22],"tags":[],"class_list":{"0":"post-74154","1":"post","2":"type-post","3":"status-publish","4":"format-standard","5":"has-post-thumbnail","7":"category-brasil","8":"entry","9":"gs-1","10":"gs-odd","11":"gs-even","12":"gs-featured-content-entry"},"jetpack_featured_media_url":"https:\/\/www.redenoticia.com.br\/noticia\/imagens\/computador-tecnologia.jpg","jetpack_sharing_enabled":true,"jetpack_likes_enabled":true,"_links":{"self":[{"href":"https:\/\/www.redenoticia.com.br\/noticia\/wp-json\/wp\/v2\/posts\/74154","targetHints":{"allow":["GET"]}}],"collection":[{"href":"https:\/\/www.redenoticia.com.br\/noticia\/wp-json\/wp\/v2\/posts"}],"about":[{"href":"https:\/\/www.redenoticia.com.br\/noticia\/wp-json\/wp\/v2\/types\/post"}],"author":[{"embeddable":true,"href":"https:\/\/www.redenoticia.com.br\/noticia\/wp-json\/wp\/v2\/users\/2"}],"replies":[{"embeddable":true,"href":"https:\/\/www.redenoticia.com.br\/noticia\/wp-json\/wp\/v2\/comments?post=74154"}],"version-history":[{"count":0,"href":"https:\/\/www.redenoticia.com.br\/noticia\/wp-json\/wp\/v2\/posts\/74154\/revisions"}],"wp:featuredmedia":[{"embeddable":true,"href":"https:\/\/www.redenoticia.com.br\/noticia\/wp-json\/wp\/v2\/media\/37419"}],"wp:attachment":[{"href":"https:\/\/www.redenoticia.com.br\/noticia\/wp-json\/wp\/v2\/media?parent=74154"}],"wp:term":[{"taxonomy":"category","embeddable":true,"href":"https:\/\/www.redenoticia.com.br\/noticia\/wp-json\/wp\/v2\/categories?post=74154"},{"taxonomy":"post_tag","embeddable":true,"href":"https:\/\/www.redenoticia.com.br\/noticia\/wp-json\/wp\/v2\/tags?post=74154"}],"curies":[{"name":"wp","href":"https:\/\/api.w.org\/{rel}","templated":true}]}}