{"id":74152,"date":"2015-08-19T15:02:54","date_gmt":"2015-08-19T18:02:54","guid":{"rendered":"http:\/\/www.redenoticia.com.br\/noticia\/?p=74152"},"modified":"2015-08-19T15:02:54","modified_gmt":"2015-08-19T18:02:54","slug":"operacao-contra-fumaca-preta-de-veiculos-vai-ate-setembro","status":"publish","type":"post","link":"https:\/\/www.redenoticia.com.br\/noticia\/2015\/operacao-contra-fumaca-preta-de-veiculos-vai-ate-setembro\/74152","title":{"rendered":"Opera\u00e7\u00e3o contra fuma\u00e7a preta de ve\u00edculos vai at\u00e9 setembro"},"content":{"rendered":"<p>At\u00e9 setembro, a Secretaria do Meio Ambiente e a Cetesb prosseguem com a fiscaliza\u00e7\u00e3o da emiss\u00e3o de <strong><em>fuma\u00e7a preta<\/em><\/strong> por parte de ve\u00edculos movidos a diesel. A a\u00e7\u00e3o faz parte da Opera\u00e7\u00e3o Inverno 2015, que come\u00e7ou no dia 22 de junho.<\/p>\n<p>A esta\u00e7\u00e3o mais fria do ano apresenta condi\u00e7\u00f5es meteorol\u00f3gicas desfavor\u00e1veis \u00e0 dispers\u00e3o dos poluentes.\u00a0A fuma\u00e7a preta lan\u00e7ada diretamente na atmosfera pela descarga dos escapamentos dos ve\u00edculos movidos a diesel tem reflexos diretos sobre a sa\u00fade da popula\u00e7\u00e3o, principalmente doen\u00e7as nas vias respirat\u00f3rias.<\/p>\n<p>O cidad\u00e3o que se deparar com lan\u00e7amento de material particulado pode denunciar o caso \u00e0 Cetesb, por meio do Fale Conosco\/ Disque Meio Ambiente, no 0800 11 35 60, ou pelo da companhia.<\/p>\n<p>Para denunciar \u00e9 preciso preencher um cadastro com a placa do ve\u00edculo, local, munic\u00edpio, data e hora da ocorr\u00eancia e esp\u00e9cie (\u00f4nibus, caminh\u00e3o, carro etc). O denunciante pode deixar coment\u00e1rios e optar por receber retorno da den\u00fancia. O propriet\u00e1rio recebe uma notifica\u00e7\u00e3o para ajustar o seu ve\u00edculo. Caso contr\u00e1rio, est\u00e1 sujeito a ser flagrado na rua e ser multado.<\/p>\n<p>A multa estipulada aos infratores \u00e9 de 60 Unidades Fiscais do Estado de S\u00e3o Paulo (Ufesps), correspondente a R$ 1.275,00.<\/p>\n<p>Do Portal do Governo do Estado SP<\/p>\n","protected":false},"excerpt":{"rendered":"<p>At\u00e9 setembro, a Secretaria do Meio Ambiente e a Cetesb prosseguem com a fiscaliza\u00e7\u00e3o da emiss\u00e3o de fuma\u00e7a preta por parte de ve\u00edculos movidos a diesel. A a\u00e7\u00e3o faz parte da Opera\u00e7\u00e3o Inverno 2015, que come\u00e7ou no dia 22 de junho. A esta\u00e7\u00e3o mais fria do ano apresenta condi\u00e7\u00f5es meteorol\u00f3gicas desfavor\u00e1veis \u00e0 dispers\u00e3o dos poluentes.\u00a0A [&hellip;]<\/p>\n","protected":false},"author":2,"featured_media":35207,"comment_status":"open","ping_status":"closed","sticky":false,"template":"","format":"standard","meta":{"_genesis_hide_title":false,"_genesis_hide_breadcrumbs":false,"_genesis_hide_singular_image":false,"_genesis_hide_footer_widgets":false,"_genesis_custom_body_class":"","_genesis_custom_post_class":"","_genesis_layout":"","_jetpack_memberships_contains_paid_content":false,"footnotes":""},"categories":[22],"tags":[],"class_list":{"0":"post-74152","1":"post","2":"type-post","3":"status-publish","4":"format-standard","5":"has-post-thumbnail","7":"category-brasil","8":"entry","9":"gs-1","10":"gs-odd","11":"gs-even","12":"gs-featured-content-entry"},"jetpack_featured_media_url":"https:\/\/www.redenoticia.com.br\/noticia\/imagens\/transito-estradas.jpg","jetpack_sharing_enabled":true,"jetpack_likes_enabled":true,"_links":{"self":[{"href":"https:\/\/www.redenoticia.com.br\/noticia\/wp-json\/wp\/v2\/posts\/74152","targetHints":{"allow":["GET"]}}],"collection":[{"href":"https:\/\/www.redenoticia.com.br\/noticia\/wp-json\/wp\/v2\/posts"}],"about":[{"href":"https:\/\/www.redenoticia.com.br\/noticia\/wp-json\/wp\/v2\/types\/post"}],"author":[{"embeddable":true,"href":"https:\/\/www.redenoticia.com.br\/noticia\/wp-json\/wp\/v2\/users\/2"}],"replies":[{"embeddable":true,"href":"https:\/\/www.redenoticia.com.br\/noticia\/wp-json\/wp\/v2\/comments?post=74152"}],"version-history":[{"count":0,"href":"https:\/\/www.redenoticia.com.br\/noticia\/wp-json\/wp\/v2\/posts\/74152\/revisions"}],"wp:featuredmedia":[{"embeddable":true,"href":"https:\/\/www.redenoticia.com.br\/noticia\/wp-json\/wp\/v2\/media\/35207"}],"wp:attachment":[{"href":"https:\/\/www.redenoticia.com.br\/noticia\/wp-json\/wp\/v2\/media?parent=74152"}],"wp:term":[{"taxonomy":"category","embeddable":true,"href":"https:\/\/www.redenoticia.com.br\/noticia\/wp-json\/wp\/v2\/categories?post=74152"},{"taxonomy":"post_tag","embeddable":true,"href":"https:\/\/www.redenoticia.com.br\/noticia\/wp-json\/wp\/v2\/tags?post=74152"}],"curies":[{"name":"wp","href":"https:\/\/api.w.org\/{rel}","templated":true}]}}