{"id":74142,"date":"2015-08-19T14:59:42","date_gmt":"2015-08-19T17:59:42","guid":{"rendered":"http:\/\/www.redenoticia.com.br\/noticia\/?p=74142"},"modified":"2015-08-19T14:59:42","modified_gmt":"2015-08-19T17:59:42","slug":"funcionarios-de-empresas-publicas-terao-salarios-divulgados","status":"publish","type":"post","link":"https:\/\/www.redenoticia.com.br\/noticia\/2015\/funcionarios-de-empresas-publicas-terao-salarios-divulgados\/74142","title":{"rendered":"Funcion\u00e1rios de empresas p\u00fablicas ter\u00e3o sal\u00e1rios divulgados"},"content":{"rendered":"<p>Os funcion\u00e1rios das empresas p\u00fablicas do Governo paulista ter\u00e3o seus <em><strong>sal\u00e1rios divulgados<\/strong><\/em> no <\/p>\n<p>O decreto foi assinado pelo governador Geraldo Alckmin e ser\u00e1 publicado no Di\u00e1rio Oficial. &#8220;A transpar\u00eancia \u00e9 uma vacina contra a corrup\u00e7\u00e3o. Ela \u00e9 um instrumento de boa gest\u00e3o, porque permite corre\u00e7\u00e3o e avan\u00e7os&#8221;, declarou o governador.<\/p>\n<p>Com a medida, mais de 44 mil funcion\u00e1rios, inclu\u00eddos os membros das diretorias e dos conselhos de administra\u00e7\u00e3o, ter\u00e3o seus sal\u00e1rios dispon\u00edveis. Isso vale para todos os colaboradores das empresas da administra\u00e7\u00e3o indireta, como Sabesp, Metr\u00f4, CPTM, Dersa, Cetesb, Prodesp, CDHU, Cesp, Codasp, Cosesp, Companhia Docas de S\u00e3o Sebasti\u00e3o, Cpos, Desenvolve SP, Emae, Emplasa, Imprensa Oficial, EMTU, Investe SP e IPT.<\/p>\n<p>&#8220;J\u00e1 t\u00ednhamos colocado os sal\u00e1rios diretos e indiretos na internet para a administra\u00e7\u00e3o direta, autarquia e funda\u00e7\u00f5es. Com a inclus\u00e3o dos dados das empresas, estamos dando um passo al\u00e9m do que a Lei Federal exige&#8221;, completou Alckmin.<\/p>\n<p>Transpar\u00eancia<br \/>\nS\u00e3o Paulo \u00e9 considerado pela Controladoria Geral da Uni\u00e3o (CGU), juntamente com o Cear\u00e1, os estados mais transparentes do Brasil. Na Escala Brasil Transparente, feita pela controladoria, com base em pesquisa realizada pelo Instituto Brasileiro de Geografia e Estat\u00edstica (IBGE), o estado obteve nota 10.<br \/>\nAl\u00e9m disso, o Portal da Transpar\u00eancia foi reconhecido pelo \u00cdndice de Transpar\u00eancia, elaborado pela ONG Contas Abertas, como um instrumento democr\u00e1tico de controle social.<\/p>\n<p>Do Portal do Governo do Estado SP<\/p>\n","protected":false},"excerpt":{"rendered":"<p>Os funcion\u00e1rios das empresas p\u00fablicas do Governo paulista ter\u00e3o seus sal\u00e1rios divulgados no O decreto foi assinado pelo governador Geraldo Alckmin e ser\u00e1 publicado no Di\u00e1rio Oficial. &#8220;A transpar\u00eancia \u00e9 uma vacina contra a corrup\u00e7\u00e3o. Ela \u00e9 um instrumento de boa gest\u00e3o, porque permite corre\u00e7\u00e3o e avan\u00e7os&#8221;, declarou o governador. Com a medida, mais de [&hellip;]<\/p>\n","protected":false},"author":2,"featured_media":40636,"comment_status":"open","ping_status":"closed","sticky":false,"template":"","format":"standard","meta":{"_genesis_hide_title":false,"_genesis_hide_breadcrumbs":false,"_genesis_hide_singular_image":false,"_genesis_hide_footer_widgets":false,"_genesis_custom_body_class":"","_genesis_custom_post_class":"","_genesis_layout":"","_jetpack_memberships_contains_paid_content":false,"footnotes":""},"categories":[22],"tags":[],"class_list":{"0":"post-74142","1":"post","2":"type-post","3":"status-publish","4":"format-standard","5":"has-post-thumbnail","7":"category-brasil","8":"entry","9":"gs-1","10":"gs-odd","11":"gs-even","12":"gs-featured-content-entry"},"jetpack_featured_media_url":"https:\/\/www.redenoticia.com.br\/noticia\/imagens\/economia-analise.jpg","jetpack_sharing_enabled":true,"jetpack_likes_enabled":true,"_links":{"self":[{"href":"https:\/\/www.redenoticia.com.br\/noticia\/wp-json\/wp\/v2\/posts\/74142","targetHints":{"allow":["GET"]}}],"collection":[{"href":"https:\/\/www.redenoticia.com.br\/noticia\/wp-json\/wp\/v2\/posts"}],"about":[{"href":"https:\/\/www.redenoticia.com.br\/noticia\/wp-json\/wp\/v2\/types\/post"}],"author":[{"embeddable":true,"href":"https:\/\/www.redenoticia.com.br\/noticia\/wp-json\/wp\/v2\/users\/2"}],"replies":[{"embeddable":true,"href":"https:\/\/www.redenoticia.com.br\/noticia\/wp-json\/wp\/v2\/comments?post=74142"}],"version-history":[{"count":0,"href":"https:\/\/www.redenoticia.com.br\/noticia\/wp-json\/wp\/v2\/posts\/74142\/revisions"}],"wp:featuredmedia":[{"embeddable":true,"href":"https:\/\/www.redenoticia.com.br\/noticia\/wp-json\/wp\/v2\/media\/40636"}],"wp:attachment":[{"href":"https:\/\/www.redenoticia.com.br\/noticia\/wp-json\/wp\/v2\/media?parent=74142"}],"wp:term":[{"taxonomy":"category","embeddable":true,"href":"https:\/\/www.redenoticia.com.br\/noticia\/wp-json\/wp\/v2\/categories?post=74142"},{"taxonomy":"post_tag","embeddable":true,"href":"https:\/\/www.redenoticia.com.br\/noticia\/wp-json\/wp\/v2\/tags?post=74142"}],"curies":[{"name":"wp","href":"https:\/\/api.w.org\/{rel}","templated":true}]}}