{"id":74122,"date":"2015-08-18T18:26:35","date_gmt":"2015-08-18T21:26:35","guid":{"rendered":"http:\/\/www.redenoticia.com.br\/noticia\/?p=74122"},"modified":"2015-08-18T18:26:35","modified_gmt":"2015-08-18T21:26:35","slug":"indicador-que-antecipa-tendencia-economica-do-pais-cai-08-em-julho","status":"publish","type":"post","link":"https:\/\/www.redenoticia.com.br\/noticia\/2015\/indicador-que-antecipa-tendencia-economica-do-pais-cai-08-em-julho\/74122","title":{"rendered":"Indicador que antecipa tend\u00eancia econ\u00f4mica do pa\u00eds cai 0,8% em julho"},"content":{"rendered":"<p> O <strong><em>Indicador Antecedente Composto da Economia<\/em><\/strong> (Iace) para o Brasil, que agrega componentes que medem a atividade econ\u00f4mica do pa\u00eds, voltou a cair em julho, atingindo 88,7 pontos, uma queda de 0,8%.<\/p>\n<p>Em junho, o indicador havia registrado queda de 0,6%, mas j\u00e1 demonstrava recuo pelo menos desde abril. O dado foi divulgado pelo Instituto Brasileiro de Economia da Funda\u00e7\u00e3o Getulio Vargas (Ibre\/FGV) e pela institui\u00e7\u00e3o The Conference Board.<\/p>\n<p>O Iace \u00e9 um indicador que permite compara\u00e7\u00e3o direta dos ciclos econ\u00f4micos do Brasil com os de 11 pa\u00edses e regi\u00f5es como China, Estados Unidos, zona do euro, Austr\u00e1lia, Fran\u00e7a, Alemanha, Jap\u00e3o, M\u00e9xico, Coreia, Espanha e Reino Unido. O indicador pretende antecipar a dire\u00e7\u00e3o da economia brasileira no curto prazo.<\/p>\n<p>\u201cA tend\u00eancia de decl\u00ednio do Indicador Antecedente Composto da Economia, iniciada no come\u00e7o de 2013, continuou em julho, indicando ser improv\u00e1vel uma mudan\u00e7a de trajet\u00f3ria na economia brasileira no futuro pr\u00f3ximo\u201d, disse o economista do Ibre\/FGV Paulo Picchetti.<\/p>\n<p>O Indicador Coincidente Composto da Economia (Icce), que mede as condi\u00e7\u00f5es econ\u00f4micas atuais e a intensidade da atividade econ\u00f4mica, avan\u00e7ou 0,4% em julho, somando 103,2 pontos.<\/p>\n<p>Elaine Patricia Cruz &#8211; Rep\u00f3rter da Ag\u00eancia Brasil<br \/>\nEdi\u00e7\u00e3o: Jorge Wamburg<\/p>\n","protected":false},"excerpt":{"rendered":"<p>O Indicador Antecedente Composto da Economia (Iace) para o Brasil, que agrega componentes que medem a atividade econ\u00f4mica do pa\u00eds, voltou a cair em julho, atingindo 88,7 pontos, uma queda de 0,8%. Em junho, o indicador havia registrado queda de 0,6%, mas j\u00e1 demonstrava recuo pelo menos desde abril. O dado foi divulgado pelo Instituto [&hellip;]<\/p>\n","protected":false},"author":2,"featured_media":57584,"comment_status":"open","ping_status":"closed","sticky":false,"template":"","format":"standard","meta":{"_genesis_hide_title":false,"_genesis_hide_breadcrumbs":false,"_genesis_hide_singular_image":false,"_genesis_hide_footer_widgets":false,"_genesis_custom_body_class":"","_genesis_custom_post_class":"","_genesis_layout":"","_jetpack_memberships_contains_paid_content":false,"footnotes":""},"categories":[22,7],"tags":[],"class_list":{"0":"post-74122","1":"post","2":"type-post","3":"status-publish","4":"format-standard","5":"has-post-thumbnail","7":"category-brasil","8":"category-economia","9":"entry","10":"gs-1","11":"gs-odd","12":"gs-even","13":"gs-featured-content-entry"},"jetpack_featured_media_url":"https:\/\/www.redenoticia.com.br\/noticia\/imagens\/economia-grafica-analise-inflacao.jpg","jetpack_sharing_enabled":true,"jetpack_likes_enabled":true,"_links":{"self":[{"href":"https:\/\/www.redenoticia.com.br\/noticia\/wp-json\/wp\/v2\/posts\/74122","targetHints":{"allow":["GET"]}}],"collection":[{"href":"https:\/\/www.redenoticia.com.br\/noticia\/wp-json\/wp\/v2\/posts"}],"about":[{"href":"https:\/\/www.redenoticia.com.br\/noticia\/wp-json\/wp\/v2\/types\/post"}],"author":[{"embeddable":true,"href":"https:\/\/www.redenoticia.com.br\/noticia\/wp-json\/wp\/v2\/users\/2"}],"replies":[{"embeddable":true,"href":"https:\/\/www.redenoticia.com.br\/noticia\/wp-json\/wp\/v2\/comments?post=74122"}],"version-history":[{"count":0,"href":"https:\/\/www.redenoticia.com.br\/noticia\/wp-json\/wp\/v2\/posts\/74122\/revisions"}],"wp:featuredmedia":[{"embeddable":true,"href":"https:\/\/www.redenoticia.com.br\/noticia\/wp-json\/wp\/v2\/media\/57584"}],"wp:attachment":[{"href":"https:\/\/www.redenoticia.com.br\/noticia\/wp-json\/wp\/v2\/media?parent=74122"}],"wp:term":[{"taxonomy":"category","embeddable":true,"href":"https:\/\/www.redenoticia.com.br\/noticia\/wp-json\/wp\/v2\/categories?post=74122"},{"taxonomy":"post_tag","embeddable":true,"href":"https:\/\/www.redenoticia.com.br\/noticia\/wp-json\/wp\/v2\/tags?post=74122"}],"curies":[{"name":"wp","href":"https:\/\/api.w.org\/{rel}","templated":true}]}}