{"id":74120,"date":"2015-08-18T18:23:57","date_gmt":"2015-08-18T21:23:57","guid":{"rendered":"http:\/\/www.redenoticia.com.br\/noticia\/?p=74120"},"modified":"2015-08-18T18:23:57","modified_gmt":"2015-08-18T21:23:57","slug":"queda-na-arrecadacao-reflete-retracao-economica-afirma-receita","status":"publish","type":"post","link":"https:\/\/www.redenoticia.com.br\/noticia\/2015\/queda-na-arrecadacao-reflete-retracao-economica-afirma-receita\/74120","title":{"rendered":"Queda na arrecada\u00e7\u00e3o reflete retra\u00e7\u00e3o econ\u00f4mica, afirma Receita"},"content":{"rendered":"<p> A queda na arrecada\u00e7\u00e3o tribut\u00e1ria em julho e nos sete primeiros meses do ano continua refletindo a <strong><em>retra\u00e7\u00e3o na atividade econ\u00f4mica<\/em><\/strong>, segundo o chefe do Centro de Estudos Tribut\u00e1rios e Aduaneiros da Receita Federal, Claudemir Malaquias. &#8220;A queda \u00e9 explicada por uma conjuga\u00e7\u00e3o de fatores, todos vinculados \u00e0 atividade econ\u00f4mica. A desacelera\u00e7\u00e3o impactou fortemente&#8221;, disse. <\/p>\n<p> Malaquias ressaltou que os setores da economia que apresentam o melhor desempenho em 2015 &#8211; agroneg\u00f3cio e agricultura &#8211; refletem pouco na receita tribut\u00e1ria. &#8220;\u00c9 importante que se fa\u00e7a essa an\u00e1lise, de como a arrecada\u00e7\u00e3o se adere ao comportamento da economia. N\u00e3o \u00e9 [um impacto] retil\u00edneo&#8221;, afirmou.<\/p>\n<p> &#8220;Alguns tributos t\u00eam um comportamento muito aderente ao consumo, ao desempenho da ind\u00fastria, \u00e0 perspectiva de resultados positivos. Identificamos que alguns setores que contribu\u00edram positivamente para o PIB [Produto Interno Bruto, soma dos bens e servi\u00e7os produzidos em um pa\u00eds] foram o agroneg\u00f3cio, o setor de servi\u00e7os e as exporta\u00e7\u00f5es. Quando contribuem para o PIB, temos de investigar em que medida isso interfere na tributa\u00e7\u00e3o. Tivemos desempenho positivo no agroneg\u00f3cio, mas ele \u00e9 um setor fortemente desonerado e o mesmo ocorre com as exporta\u00e7\u00f5es.&#8221;<\/p>\n<p>Questionado se os dois setores deveriam passar por mudan\u00e7as na tributa\u00e7\u00e3o para ajudar a aumentar a arrecada\u00e7\u00e3o, Malaquias informou que &#8220;de jeito nenhum&#8221; e que medidas para melhorar a atividade econ\u00f4mica e a receita tribut\u00e1ria j\u00e1 est\u00e3o em curso. &#8220;V\u00e1rias medidas est\u00e3o sendo trabalhadas visando \u00e0 retomada do crescimento e da arrecada\u00e7\u00e3o. \u00c9 nesse sentido que a gente tem de trabalhar.&#8221;<\/p>\n<p>Com rela\u00e7\u00e3o ao impacto das desonera\u00e7\u00f5es tribut\u00e1rias na arrecada\u00e7\u00e3o, Claudemir Malaquias destacou que a desonera\u00e7\u00e3o da folha de pagamento j\u00e1 perdeu impacto em julho, respondendo por uma ren\u00fancia fiscal de R$ 7,74 bilh\u00f5es, 3,34% inferior \u00e0 registrada no mesmo per\u00edodo do ano passado. No acumulado do ano, a ren\u00fancia, que soma R$ 62,6 bilh\u00f5es, ainda supera em 11,76% a do mesmo per\u00edodo de 2014.<\/p>\n<p>Segundo Malaquias, a aprova\u00e7\u00e3o da Lei Complementar 147, que incluiu mais de 50 setores no Simples Nacional, tamb\u00e9m foi respons\u00e1vel pelo peso das desonera\u00e7\u00f5es na queda da arrecada\u00e7\u00e3o. &#8220;Um total de 93% dos contribuintes que, em janeiro, fizeram a op\u00e7\u00e3o pelo Simples, j\u00e1 eram contribuintes em outra forma de tributa\u00e7\u00e3o. Como o Simples tem uma carga [tribut\u00e1ria] menor, recolhe-se menos.&#8221;<\/p>\n<p>De janeiro a julho, a ren\u00fancia fiscal por causa do Simples Nacional somou R$ 6,77 bilh\u00f5es, 55,4% a mais que em igual per\u00edodo de 2014.<\/p>\n<p>Mariana Branco &#8211; Rep\u00f3rter da Ag\u00eancia Brasil<br \/>\nEdi\u00e7\u00e3o: Armando Cardoso<\/p>\n","protected":false},"excerpt":{"rendered":"<p>A queda na arrecada\u00e7\u00e3o tribut\u00e1ria em julho e nos sete primeiros meses do ano continua refletindo a retra\u00e7\u00e3o na atividade econ\u00f4mica, segundo o chefe do Centro de Estudos Tribut\u00e1rios e Aduaneiros da Receita Federal, Claudemir Malaquias. &#8220;A queda \u00e9 explicada por uma conjuga\u00e7\u00e3o de fatores, todos vinculados \u00e0 atividade econ\u00f4mica. A desacelera\u00e7\u00e3o impactou fortemente&#8221;, disse. [&hellip;]<\/p>\n","protected":false},"author":2,"featured_media":40517,"comment_status":"open","ping_status":"closed","sticky":false,"template":"","format":"standard","meta":{"_genesis_hide_title":false,"_genesis_hide_breadcrumbs":false,"_genesis_hide_singular_image":false,"_genesis_hide_footer_widgets":false,"_genesis_custom_body_class":"","_genesis_custom_post_class":"","_genesis_layout":"","_jetpack_memberships_contains_paid_content":false,"footnotes":""},"categories":[22,7],"tags":[],"class_list":{"0":"post-74120","1":"post","2":"type-post","3":"status-publish","4":"format-standard","5":"has-post-thumbnail","7":"category-brasil","8":"category-economia","9":"entry","10":"gs-1","11":"gs-odd","12":"gs-even","13":"gs-featured-content-entry"},"jetpack_featured_media_url":"https:\/\/www.redenoticia.com.br\/noticia\/imagens\/economia-previsao.jpg","jetpack_sharing_enabled":true,"jetpack_likes_enabled":true,"_links":{"self":[{"href":"https:\/\/www.redenoticia.com.br\/noticia\/wp-json\/wp\/v2\/posts\/74120","targetHints":{"allow":["GET"]}}],"collection":[{"href":"https:\/\/www.redenoticia.com.br\/noticia\/wp-json\/wp\/v2\/posts"}],"about":[{"href":"https:\/\/www.redenoticia.com.br\/noticia\/wp-json\/wp\/v2\/types\/post"}],"author":[{"embeddable":true,"href":"https:\/\/www.redenoticia.com.br\/noticia\/wp-json\/wp\/v2\/users\/2"}],"replies":[{"embeddable":true,"href":"https:\/\/www.redenoticia.com.br\/noticia\/wp-json\/wp\/v2\/comments?post=74120"}],"version-history":[{"count":0,"href":"https:\/\/www.redenoticia.com.br\/noticia\/wp-json\/wp\/v2\/posts\/74120\/revisions"}],"wp:featuredmedia":[{"embeddable":true,"href":"https:\/\/www.redenoticia.com.br\/noticia\/wp-json\/wp\/v2\/media\/40517"}],"wp:attachment":[{"href":"https:\/\/www.redenoticia.com.br\/noticia\/wp-json\/wp\/v2\/media?parent=74120"}],"wp:term":[{"taxonomy":"category","embeddable":true,"href":"https:\/\/www.redenoticia.com.br\/noticia\/wp-json\/wp\/v2\/categories?post=74120"},{"taxonomy":"post_tag","embeddable":true,"href":"https:\/\/www.redenoticia.com.br\/noticia\/wp-json\/wp\/v2\/tags?post=74120"}],"curies":[{"name":"wp","href":"https:\/\/api.w.org\/{rel}","templated":true}]}}