{"id":74117,"date":"2015-08-18T18:21:26","date_gmt":"2015-08-18T21:21:26","guid":{"rendered":"http:\/\/www.redenoticia.com.br\/noticia\/?p=74117"},"modified":"2015-08-18T18:21:26","modified_gmt":"2015-08-18T21:21:26","slug":"arrecadacao-federal-de-janeiro-a-julho-e-a-menor-em-cinco-anos","status":"publish","type":"post","link":"https:\/\/www.redenoticia.com.br\/noticia\/2015\/arrecadacao-federal-de-janeiro-a-julho-e-a-menor-em-cinco-anos\/74117","title":{"rendered":"Arrecada\u00e7\u00e3o federal de janeiro a julho \u00e9 a menor em cinco anos"},"content":{"rendered":"<p> A <strong><em>arrecada\u00e7\u00e3o federal<\/em><\/strong> teve o pior resultado para o per\u00edodo de janeiro a julho em cinco anos, informou a Receita Federal. O pa\u00eds arrecadou R$ 712 bilh\u00f5es nos primeiros sete meses deste ano, montante que representa queda de 2,91% em rela\u00e7\u00e3o ao mesmo per\u00edodo de 2014. O resultado para julho tamb\u00e9m foi o pior para o m\u00eas desde 2010. No m\u00eas passado, o pa\u00eds recolheu R$ 104,8 bilh\u00f5es em receitas, o que representa redu\u00e7\u00e3o de 3,13% em rela\u00e7\u00e3o a julho de 2014.<\/p>\n<p>A queda no montante arrecadado, tanto no acumulado do ano quanto no m\u00eas, traz descontada a infla\u00e7\u00e3o oficial medida pelo \u00cdndice de Pre\u00e7os ao Consumidor Amplo (IPCA). A queda na produ\u00e7\u00e3o industrial foi o principal motivo do recuo da arrecada\u00e7\u00e3o nos sete primeiros meses do ano. <\/p>\n<p> Houve redu\u00e7\u00e3o de 5,82% no acumulado do ano em rela\u00e7\u00e3o a igual per\u00edodo de 2014. Em julho, apesar do recuo de 3,2%, a produ\u00e7\u00e3o diminuiu o ritmo de queda em rela\u00e7\u00e3o a junho, quando havia ca\u00eddo 8,8%. A queda na produ\u00e7\u00e3o impacta o recolhimento do Imposto sobre Produtos Industrializados (IPI).<\/p>\n<p>As vendas de bens e servi\u00e7os, que impactam na arrecada\u00e7\u00e3o do Programa de Integra\u00e7\u00e3o Social (PIS) e da Contribui\u00e7\u00e3o para o Financiamento da Seguridade Social (Cofins), recuaram 3,49% no m\u00eas e 5,67% de janeiro a julho. A massa salarial, por sua vez, cresceu 4,91% em julho e 5,44% de janeiro a julho.<\/p>\n<p>As desonera\u00e7\u00f5es tribut\u00e1rias dos \u00faltimos anos tamb\u00e9m contribu\u00edram para a queda na arrecada\u00e7\u00e3o este ano, gerando perdas de R$ 62,6 bilh\u00f5es para o governo nos sete primeiros meses do ano. A ren\u00fancia fiscal \u00e9 11,76% maior que a do mesmo per\u00edodo de 2014. Desse total, a desonera\u00e7\u00e3o da folha de pagamento foi respons\u00e1vel pelas maiores perdas, equivalentes a R$ 13 bilh\u00f5es.<\/p>\n<p> Mariana Branco &#8211; Rep\u00f3rter da Ag\u00eancia Brasil<br \/>\nEdi\u00e7\u00e3o: Armando Cardoso<\/p>\n","protected":false},"excerpt":{"rendered":"<p>A arrecada\u00e7\u00e3o federal teve o pior resultado para o per\u00edodo de janeiro a julho em cinco anos, informou a Receita Federal. O pa\u00eds arrecadou R$ 712 bilh\u00f5es nos primeiros sete meses deste ano, montante que representa queda de 2,91% em rela\u00e7\u00e3o ao mesmo per\u00edodo de 2014. O resultado para julho tamb\u00e9m foi o pior para [&hellip;]<\/p>\n","protected":false},"author":2,"featured_media":23889,"comment_status":"open","ping_status":"closed","sticky":false,"template":"","format":"standard","meta":{"_genesis_hide_title":false,"_genesis_hide_breadcrumbs":false,"_genesis_hide_singular_image":false,"_genesis_hide_footer_widgets":false,"_genesis_custom_body_class":"","_genesis_custom_post_class":"","_genesis_layout":"","_jetpack_memberships_contains_paid_content":false,"footnotes":""},"categories":[22,7],"tags":[],"class_list":{"0":"post-74117","1":"post","2":"type-post","3":"status-publish","4":"format-standard","5":"has-post-thumbnail","7":"category-brasil","8":"category-economia","9":"entry","10":"gs-1","11":"gs-odd","12":"gs-even","13":"gs-featured-content-entry"},"jetpack_featured_media_url":"https:\/\/www.redenoticia.com.br\/noticia\/imagens\/receita-federal-irpf-2010.jpg","jetpack_sharing_enabled":true,"jetpack_likes_enabled":true,"_links":{"self":[{"href":"https:\/\/www.redenoticia.com.br\/noticia\/wp-json\/wp\/v2\/posts\/74117","targetHints":{"allow":["GET"]}}],"collection":[{"href":"https:\/\/www.redenoticia.com.br\/noticia\/wp-json\/wp\/v2\/posts"}],"about":[{"href":"https:\/\/www.redenoticia.com.br\/noticia\/wp-json\/wp\/v2\/types\/post"}],"author":[{"embeddable":true,"href":"https:\/\/www.redenoticia.com.br\/noticia\/wp-json\/wp\/v2\/users\/2"}],"replies":[{"embeddable":true,"href":"https:\/\/www.redenoticia.com.br\/noticia\/wp-json\/wp\/v2\/comments?post=74117"}],"version-history":[{"count":0,"href":"https:\/\/www.redenoticia.com.br\/noticia\/wp-json\/wp\/v2\/posts\/74117\/revisions"}],"wp:featuredmedia":[{"embeddable":true,"href":"https:\/\/www.redenoticia.com.br\/noticia\/wp-json\/wp\/v2\/media\/23889"}],"wp:attachment":[{"href":"https:\/\/www.redenoticia.com.br\/noticia\/wp-json\/wp\/v2\/media?parent=74117"}],"wp:term":[{"taxonomy":"category","embeddable":true,"href":"https:\/\/www.redenoticia.com.br\/noticia\/wp-json\/wp\/v2\/categories?post=74117"},{"taxonomy":"post_tag","embeddable":true,"href":"https:\/\/www.redenoticia.com.br\/noticia\/wp-json\/wp\/v2\/tags?post=74117"}],"curies":[{"name":"wp","href":"https:\/\/api.w.org\/{rel}","templated":true}]}}