{"id":74115,"date":"2015-08-18T18:19:16","date_gmt":"2015-08-18T21:19:16","guid":{"rendered":"http:\/\/www.redenoticia.com.br\/noticia\/?p=74115"},"modified":"2015-08-18T18:19:16","modified_gmt":"2015-08-18T21:19:16","slug":"empresarios-pedem-alternativa-ao-projeto-de-desoneracao-da-folha-de-pagamento","status":"publish","type":"post","link":"https:\/\/www.redenoticia.com.br\/noticia\/2015\/empresarios-pedem-alternativa-ao-projeto-de-desoneracao-da-folha-de-pagamento\/74115","title":{"rendered":"Empres\u00e1rios pedem alternativa ao projeto de desonera\u00e7\u00e3o da folha de pagamento"},"content":{"rendered":"<p> Liderados pelo presidente da Federa\u00e7\u00e3o das Ind\u00fastrias do Estado de S\u00e3o Paulo (Fiesp), Paulo Skaf, representantes de mais de 40 entidades empresariais de diversos setores come\u00e7aram uma cruzada em defesa de uma proposta alternativa ao Projeto de Lei da C\u00e2mara (PLC)  57\/15, que trata da <strong><em>desonera\u00e7\u00e3o das empresas<\/em><\/strong>, que receberam benef\u00edcios fiscais sobre a folha de pagamento no ano passado. A mudan\u00e7a significa reduzir a ren\u00fancia fiscal concedida pelo governo a alguns setores produtivos.<\/p>\n<p> O texto aprovado na C\u00e2mara eleva em mais de 100% a taxa\u00e7\u00e3o para a maioria dos setores beneficiados com a desonera\u00e7\u00e3o da folha de pagamento, mas abre exce\u00e7\u00f5es para os setores de massas, p\u00e3es, peixes, aves e su\u00ednos. No caso dos transportes, comunica\u00e7\u00e3o, call centers, cal\u00e7ados e confec\u00e7\u00e3o, o aumento foi de 50% na tributa\u00e7\u00e3o.<\/p>\n<p>Contr\u00e1rios a essa proposta, os empres\u00e1rios defendem reajuste linear para todos. \u201cO que n\u00f3s queremos, e o que \u00e9 mais justo, \u00e9 o aumento linear. Estamos aceitando a ideia. Entendemos que h\u00e1 necessidade de fechar esse ajuste fiscal. Estamos compreendendo, apesar de todas as dificuldades, a necessidade de aceitar algum aumento, mas queremos de forma linear\u201d, afirmou Skaf, ap\u00f3s reuni\u00e3o com o presidente do Senado, Renan Calheiros (PMDB-AL).<\/p>\n<p>Os empres\u00e1rios, que tamb\u00e9m estiveram hoje com o articulador pol\u00edtico do governo, o vice-presidente da Rep\u00fablica, Michel Temer, n\u00e3o garantem que a medida solucionar\u00e1 a crise econ\u00f4mica ou que n\u00e3o haver\u00e1 demiss\u00f5es, mas dizem que, se a proposta n\u00e3o for linear, o cen\u00e1rio poder\u00e1 piorar.<\/p>\n<p>\u201cEstamos em um ano de muita dificuldade na economia, com previs\u00e3o de crescimento negativo. Estamos em um ano de previs\u00e3o de fechamento de mais de 1 milh\u00e3o de vagas at\u00e9 o fim do ano. \u00c9 um ano muito deliciado. N\u00e3o podemos fazer nada que venha piorar isso. A quest\u00e3o da reonera\u00e7\u00e3o da folha de pagamento, ou seja, tributos sobre a folha de pagamento, tributos sobre o faturamento das empresas \u00e9 um convite a aumentar o desemprego\u201d, disse o presidente da Fiesp.<\/p>\n<p>Na tentativa de costurar um acordo para vota\u00e7\u00e3o da mat\u00e9ria, que \u00e9 a \u00faltima do ajuste fiscal pendente na pauta do Congresso, os empres\u00e1rios se reunir\u00e3o nesta tarde com o presidente da C\u00e2mara, Eduardo Cunha (PMDB-RJ), porque, caso seja alterada no Senado, a proposta volta para an\u00e1lise dos deputados.<\/p>\n<p> Karine Melo &#8211; Rep\u00f3rter da Ag\u00eancia Brasil<br \/>\nEdi\u00e7\u00e3o: Armando Cardoso<\/p>\n","protected":false},"excerpt":{"rendered":"<p>Liderados pelo presidente da Federa\u00e7\u00e3o das Ind\u00fastrias do Estado de S\u00e3o Paulo (Fiesp), Paulo Skaf, representantes de mais de 40 entidades empresariais de diversos setores come\u00e7aram uma cruzada em defesa de uma proposta alternativa ao Projeto de Lei da C\u00e2mara (PLC) 57\/15, que trata da desonera\u00e7\u00e3o das empresas, que receberam benef\u00edcios fiscais sobre a folha [&hellip;]<\/p>\n","protected":false},"author":2,"featured_media":38938,"comment_status":"open","ping_status":"closed","sticky":false,"template":"","format":"standard","meta":{"_genesis_hide_title":false,"_genesis_hide_breadcrumbs":false,"_genesis_hide_singular_image":false,"_genesis_hide_footer_widgets":false,"_genesis_custom_body_class":"","_genesis_custom_post_class":"","_genesis_layout":"","_jetpack_memberships_contains_paid_content":false,"footnotes":""},"categories":[22,7],"tags":[],"class_list":{"0":"post-74115","1":"post","2":"type-post","3":"status-publish","4":"format-standard","5":"has-post-thumbnail","7":"category-brasil","8":"category-economia","9":"entry","10":"gs-1","11":"gs-odd","12":"gs-even","13":"gs-featured-content-entry"},"jetpack_featured_media_url":"https:\/\/www.redenoticia.com.br\/noticia\/imagens\/economia1.jpg","jetpack_sharing_enabled":true,"jetpack_likes_enabled":true,"_links":{"self":[{"href":"https:\/\/www.redenoticia.com.br\/noticia\/wp-json\/wp\/v2\/posts\/74115","targetHints":{"allow":["GET"]}}],"collection":[{"href":"https:\/\/www.redenoticia.com.br\/noticia\/wp-json\/wp\/v2\/posts"}],"about":[{"href":"https:\/\/www.redenoticia.com.br\/noticia\/wp-json\/wp\/v2\/types\/post"}],"author":[{"embeddable":true,"href":"https:\/\/www.redenoticia.com.br\/noticia\/wp-json\/wp\/v2\/users\/2"}],"replies":[{"embeddable":true,"href":"https:\/\/www.redenoticia.com.br\/noticia\/wp-json\/wp\/v2\/comments?post=74115"}],"version-history":[{"count":0,"href":"https:\/\/www.redenoticia.com.br\/noticia\/wp-json\/wp\/v2\/posts\/74115\/revisions"}],"wp:featuredmedia":[{"embeddable":true,"href":"https:\/\/www.redenoticia.com.br\/noticia\/wp-json\/wp\/v2\/media\/38938"}],"wp:attachment":[{"href":"https:\/\/www.redenoticia.com.br\/noticia\/wp-json\/wp\/v2\/media?parent=74115"}],"wp:term":[{"taxonomy":"category","embeddable":true,"href":"https:\/\/www.redenoticia.com.br\/noticia\/wp-json\/wp\/v2\/categories?post=74115"},{"taxonomy":"post_tag","embeddable":true,"href":"https:\/\/www.redenoticia.com.br\/noticia\/wp-json\/wp\/v2\/tags?post=74115"}],"curies":[{"name":"wp","href":"https:\/\/api.w.org\/{rel}","templated":true}]}}