{"id":74113,"date":"2015-08-18T18:16:16","date_gmt":"2015-08-18T21:16:16","guid":{"rendered":"http:\/\/www.redenoticia.com.br\/noticia\/?p=74113"},"modified":"2015-08-18T18:17:03","modified_gmt":"2015-08-18T21:17:03","slug":"camara-lutara-contra-aumento-de-tributacao-em-reforma-do-piscofins-diz-cunha","status":"publish","type":"post","link":"https:\/\/www.redenoticia.com.br\/noticia\/2015\/camara-lutara-contra-aumento-de-tributacao-em-reforma-do-piscofins-diz-cunha\/74113","title":{"rendered":"C\u00e2mara lutar\u00e1 contra aumento de tributa\u00e7\u00e3o em reforma do PIS\/Cofins, diz Cunha"},"content":{"rendered":"<p> O presidente da C\u00e2mara dos Deputados, Eduardo Cunha (PMDB-RJ), disse que a Casa vai lutar contra o <strong><em>aumento da tributa\u00e7\u00e3o<\/em><\/strong> numa poss\u00edvel reforma do Programa de Integra\u00e7\u00e3o Social (PIS) e da Contribui\u00e7\u00e3o para o Financiamento da Seguridade Social (Cofins). Ele lembrou que os parlamentares aguardam o envio de um projeto de reforma, por parte do governo, para que o tema comece a tramitar na C\u00e2mara.<\/p>\n<p> \u201cH\u00e1 muita dificuldade, muita discuss\u00e3o. O objetivo \u00e9 que n\u00e3o haja aumento da carga tribut\u00e1ria. Esse \u00e9 o objetivo que a C\u00e2mara vai perseguir na reforma do PIS\/Cofins. Alguma reforma pode e deve ser feita, sem d\u00favida nenhuma, mas tem de ser feita com efeito nulo, sem aumento da carga. Essa \u00e9 a base do processo\u201d, afirmou.<\/p>\n<p>Cunha n\u00e3o descartou a possibilidade de que, uma vez enviado, o projeto da reforma do PIS\/Cofins seja votado ainda este ano. \u201cDepende do conte\u00fado, que ainda n\u00e3o foi enviado formalmente. Poss\u00edvel \u00e9. Se for uma coisa boa, para melhorar a economia e que n\u00e3o tenha aumento de carga tribut\u00e1ria, vai tramitar com facilidade\u201d, disse. \u201cSe n\u00e3o for, vai ser alterado\u201d, acrescentou.<\/p>\n<p>Paula Laboissi\u00e8re &#8211; Rep\u00f3rter da Ag\u00eancia Brasil<br \/>\nEdi\u00e7\u00e3o: Armando Cardoso<\/p>\n","protected":false},"excerpt":{"rendered":"<p>O presidente da C\u00e2mara dos Deputados, Eduardo Cunha (PMDB-RJ), disse que a Casa vai lutar contra o aumento da tributa\u00e7\u00e3o numa poss\u00edvel reforma do Programa de Integra\u00e7\u00e3o Social (PIS) e da Contribui\u00e7\u00e3o para o Financiamento da Seguridade Social (Cofins). Ele lembrou que os parlamentares aguardam o envio de um projeto de reforma, por parte do [&hellip;]<\/p>\n","protected":false},"author":2,"featured_media":57585,"comment_status":"open","ping_status":"closed","sticky":false,"template":"","format":"standard","meta":{"_genesis_hide_title":false,"_genesis_hide_breadcrumbs":false,"_genesis_hide_singular_image":false,"_genesis_hide_footer_widgets":false,"_genesis_custom_body_class":"","_genesis_custom_post_class":"","_genesis_layout":"","_jetpack_memberships_contains_paid_content":false,"footnotes":""},"categories":[22,7],"tags":[],"class_list":{"0":"post-74113","1":"post","2":"type-post","3":"status-publish","4":"format-standard","5":"has-post-thumbnail","7":"category-brasil","8":"category-economia","9":"entry","10":"gs-1","11":"gs-odd","12":"gs-even","13":"gs-featured-content-entry"},"jetpack_featured_media_url":"https:\/\/www.redenoticia.com.br\/noticia\/imagens\/analise-economia.jpg","jetpack_sharing_enabled":true,"jetpack_likes_enabled":true,"_links":{"self":[{"href":"https:\/\/www.redenoticia.com.br\/noticia\/wp-json\/wp\/v2\/posts\/74113","targetHints":{"allow":["GET"]}}],"collection":[{"href":"https:\/\/www.redenoticia.com.br\/noticia\/wp-json\/wp\/v2\/posts"}],"about":[{"href":"https:\/\/www.redenoticia.com.br\/noticia\/wp-json\/wp\/v2\/types\/post"}],"author":[{"embeddable":true,"href":"https:\/\/www.redenoticia.com.br\/noticia\/wp-json\/wp\/v2\/users\/2"}],"replies":[{"embeddable":true,"href":"https:\/\/www.redenoticia.com.br\/noticia\/wp-json\/wp\/v2\/comments?post=74113"}],"version-history":[{"count":0,"href":"https:\/\/www.redenoticia.com.br\/noticia\/wp-json\/wp\/v2\/posts\/74113\/revisions"}],"wp:featuredmedia":[{"embeddable":true,"href":"https:\/\/www.redenoticia.com.br\/noticia\/wp-json\/wp\/v2\/media\/57585"}],"wp:attachment":[{"href":"https:\/\/www.redenoticia.com.br\/noticia\/wp-json\/wp\/v2\/media?parent=74113"}],"wp:term":[{"taxonomy":"category","embeddable":true,"href":"https:\/\/www.redenoticia.com.br\/noticia\/wp-json\/wp\/v2\/categories?post=74113"},{"taxonomy":"post_tag","embeddable":true,"href":"https:\/\/www.redenoticia.com.br\/noticia\/wp-json\/wp\/v2\/tags?post=74113"}],"curies":[{"name":"wp","href":"https:\/\/api.w.org\/{rel}","templated":true}]}}