{"id":74109,"date":"2015-08-18T18:11:44","date_gmt":"2015-08-18T21:11:44","guid":{"rendered":"http:\/\/www.redenoticia.com.br\/noticia\/?p=74109"},"modified":"2015-08-18T18:11:44","modified_gmt":"2015-08-18T21:11:44","slug":"embrapa-e-unicamp-utilizarao-dispositivos-moveis-para-a-capacitacao","status":"publish","type":"post","link":"https:\/\/www.redenoticia.com.br\/noticia\/2015\/embrapa-e-unicamp-utilizarao-dispositivos-moveis-para-a-capacitacao\/74109","title":{"rendered":"Embrapa e Unicamp utilizar\u00e3o dispositivos m\u00f3veis para a capacita\u00e7\u00e3o"},"content":{"rendered":"<p>Ag\u00eancia FAPESP \u2013 A Embrapa e a Universidade Estadual de Campinas (Unicamp) est\u00e3o desenvolvendo um <strong><em>programa de forma\u00e7\u00e3o continuada<\/em><\/strong> que ir\u00e1 oferecer, por meio de dispositivos m\u00f3veis, conte\u00fados e microtreinamentos sobre temas de interesse dos produtores rurais. O objetivo \u00e9 contribuir com a dissemina\u00e7\u00e3o e a transfer\u00eancia de tecnologia para agricultores e profissionais de assist\u00eancia t\u00e9cnica e extens\u00e3o rural.<\/p>\n<p>O programa utilizar\u00e1 metodologia de produ\u00e7\u00e3o e organiza\u00e7\u00e3o de microconte\u00fado educacional e construir\u00e1 um ambiente computacional na internet baseado nos conceitos de desenvolvimento de aplica\u00e7\u00f5es m\u00f3veis, visualiza\u00e7\u00e3o e computa\u00e7\u00e3o ub\u00edqua. &#8220;Com o trabalho de pesquisa, vamos gerar uma metodologia para formular conte\u00fados adequados e executar microtreinamentos que sirvam para qualifica\u00e7\u00e3o dos profissionais de assist\u00eancia t\u00e9cnica, extensionistas e agentes de Transfer\u00eancia de Tecnologia&#8221;, explica a analista da Embrapa Marcia Izabel Fugisawa Souza.<\/p>\n<p>De acordo com o professor da Unicamp , o diferencial \u00e9 a parceria para promover a integra\u00e7\u00e3o no desenvolvimento tecnol\u00f3gico e a inova\u00e7\u00e3o necess\u00e1ria no campo. &#8220;Nosso objetivo \u00e9 promover uma educa\u00e7\u00e3o inovadora, baseada em transfer\u00eancia de tecnologia, e que d\u00ea subs\u00eddios para a formula\u00e7\u00e3o de pol\u00edticas de forma\u00e7\u00e3o continuada visando atender a esse mercado&#8221;, ressalta.<\/p>\n<p>O Departamento de Transfer\u00eancia de Tecnologia (DTT) da Embrapa coordena um conjunto de estrat\u00e9gias que buscam facilitar a intera\u00e7\u00e3o com a Ag\u00eancia Nacional de Assist\u00eancia T\u00e9cnica e Extens\u00e3o Rural (Anater) e a melhoria no aperfei\u00e7oamento profissional dos extensionistas.<\/p>\n<p>&#8220;Precisamos de um olhar para nosso principal p\u00fablico, o produtor rural.\u00a0Para isso, o extensionista deve nos ajudar a perceber os gargalos que precisam ser superados. O produtor necessita desse olhar, dessa interven\u00e7\u00e3o da Embrapa, em parceria com a extens\u00e3o&#8221;, disse Michell Costa, supervisor do DTT.<\/p>\n<p>O projeto foi apresentado no semin\u00e1rio &#8220;Inova\u00e7\u00e3o na educa\u00e7\u00e3o a dist\u00e2ncia: capacita\u00e7\u00e3o de multiplicadores via dispositivos m\u00f3veis&#8221;, realizado em 6 de agosto na Embrapa Inform\u00e1tica Agropecu\u00e1ria, em Campinas.<\/p>\n","protected":false},"excerpt":{"rendered":"<p>Ag\u00eancia FAPESP \u2013 A Embrapa e a Universidade Estadual de Campinas (Unicamp) est\u00e3o desenvolvendo um programa de forma\u00e7\u00e3o continuada que ir\u00e1 oferecer, por meio de dispositivos m\u00f3veis, conte\u00fados e microtreinamentos sobre temas de interesse dos produtores rurais. O objetivo \u00e9 contribuir com a dissemina\u00e7\u00e3o e a transfer\u00eancia de tecnologia para agricultores e profissionais de assist\u00eancia [&hellip;]<\/p>\n","protected":false},"author":2,"featured_media":57578,"comment_status":"open","ping_status":"closed","sticky":false,"template":"","format":"standard","meta":{"_genesis_hide_title":false,"_genesis_hide_breadcrumbs":false,"_genesis_hide_singular_image":false,"_genesis_hide_footer_widgets":false,"_genesis_custom_body_class":"","_genesis_custom_post_class":"","_genesis_layout":"","_jetpack_memberships_contains_paid_content":false,"footnotes":""},"categories":[22],"tags":[],"class_list":{"0":"post-74109","1":"post","2":"type-post","3":"status-publish","4":"format-standard","5":"has-post-thumbnail","7":"category-brasil","8":"entry","9":"gs-1","10":"gs-odd","11":"gs-even","12":"gs-featured-content-entry"},"jetpack_featured_media_url":"https:\/\/www.redenoticia.com.br\/noticia\/imagens\/tecnologia-computador.jpg","jetpack_sharing_enabled":true,"jetpack_likes_enabled":true,"_links":{"self":[{"href":"https:\/\/www.redenoticia.com.br\/noticia\/wp-json\/wp\/v2\/posts\/74109","targetHints":{"allow":["GET"]}}],"collection":[{"href":"https:\/\/www.redenoticia.com.br\/noticia\/wp-json\/wp\/v2\/posts"}],"about":[{"href":"https:\/\/www.redenoticia.com.br\/noticia\/wp-json\/wp\/v2\/types\/post"}],"author":[{"embeddable":true,"href":"https:\/\/www.redenoticia.com.br\/noticia\/wp-json\/wp\/v2\/users\/2"}],"replies":[{"embeddable":true,"href":"https:\/\/www.redenoticia.com.br\/noticia\/wp-json\/wp\/v2\/comments?post=74109"}],"version-history":[{"count":0,"href":"https:\/\/www.redenoticia.com.br\/noticia\/wp-json\/wp\/v2\/posts\/74109\/revisions"}],"wp:featuredmedia":[{"embeddable":true,"href":"https:\/\/www.redenoticia.com.br\/noticia\/wp-json\/wp\/v2\/media\/57578"}],"wp:attachment":[{"href":"https:\/\/www.redenoticia.com.br\/noticia\/wp-json\/wp\/v2\/media?parent=74109"}],"wp:term":[{"taxonomy":"category","embeddable":true,"href":"https:\/\/www.redenoticia.com.br\/noticia\/wp-json\/wp\/v2\/categories?post=74109"},{"taxonomy":"post_tag","embeddable":true,"href":"https:\/\/www.redenoticia.com.br\/noticia\/wp-json\/wp\/v2\/tags?post=74109"}],"curies":[{"name":"wp","href":"https:\/\/api.w.org\/{rel}","templated":true}]}}