{"id":74078,"date":"2015-08-17T18:05:34","date_gmt":"2015-08-17T21:05:34","guid":{"rendered":"http:\/\/www.redenoticia.com.br\/noticia\/?p=74078"},"modified":"2015-08-17T18:05:34","modified_gmt":"2015-08-17T21:05:34","slug":"inflacao-e-desemprego-contribuem-para-alta-da-inadimplencia-do-consumidor","status":"publish","type":"post","link":"https:\/\/www.redenoticia.com.br\/noticia\/2015\/inflacao-e-desemprego-contribuem-para-alta-da-inadimplencia-do-consumidor\/74078","title":{"rendered":"Infla\u00e7\u00e3o e desemprego contribuem para alta da inadimpl\u00eancia do consumidor"},"content":{"rendered":"<p> O n\u00famero de pessoas que deixaram de pagar suas d\u00edvidas aumentou 0,6% em julho na compara\u00e7\u00e3o com junho, de acordo com o Indicador Serasa Experian de <strong><em>Inadimpl\u00eancia<\/em><\/strong> do Consumidor. Na compara\u00e7\u00e3o com julho de 2014, o indicador teve alta de 19,4%. Ao comparar o acumulado do ano at\u00e9 julho com o mesmo per\u00edodo do ano anterior, o \u00edndice subiu 16,8%.<\/p>\n<p>Segundo os economistas da Serasa Experian, o desemprego crescente, a infla\u00e7\u00e3o e os juros altos t\u00eam prejudicado a situa\u00e7\u00e3o financeira do consumidor, dificultando o pagamento de seus compromissos em dia.<\/p>\n<p>A inadimpl\u00eancia n\u00e3o banc\u00e1ria (cart\u00f5es de cr\u00e9dito, financeiras, lojas em geral e prestadoras de servi\u00e7os como telefonia e fornecimento de energia el\u00e9trica, \u00e1gua etc.) foi a respons\u00e1vel pela alta do indicador, com eleva\u00e7\u00e3o de 3,5% e contribui\u00e7\u00e3o de 1,6 ponto percentual. A eleva\u00e7\u00e3o do \u00edndice mensal n\u00e3o foi maior, porque as d\u00edvidas com os bancos apresentaram queda de 2,2% e contribu\u00edram negativamente com 1 ponto percentual.<\/p>\n<p>O valor m\u00e9dio das d\u00edvidas n\u00e3o banc\u00e1rias apresentou alta de 10% de janeiro a julho de 2015, na compara\u00e7\u00e3o com o mesmo per\u00edodo de 2014. O valor m\u00e9dio dos cheques sem fundos e da inadimpl\u00eancia com os bancos tamb\u00e9m cresceu, 10,4% e 0,9%, respectivamente. J\u00e1 o valor m\u00e9dio dos t\u00edtulos protestados registrou queda de 1,9%.<\/p>\n<p>Fl\u00e1via Albuquerque \u2013 Rep\u00f3rter da Ag\u00eancia Brasil<br \/>\nEdi\u00e7\u00e3o: Denise Griesinger<\/p>\n","protected":false},"excerpt":{"rendered":"<p>O n\u00famero de pessoas que deixaram de pagar suas d\u00edvidas aumentou 0,6% em julho na compara\u00e7\u00e3o com junho, de acordo com o Indicador Serasa Experian de Inadimpl\u00eancia do Consumidor. Na compara\u00e7\u00e3o com julho de 2014, o indicador teve alta de 19,4%. Ao comparar o acumulado do ano at\u00e9 julho com o mesmo per\u00edodo do ano [&hellip;]<\/p>\n","protected":false},"author":2,"featured_media":57583,"comment_status":"open","ping_status":"closed","sticky":false,"template":"","format":"standard","meta":{"_genesis_hide_title":false,"_genesis_hide_breadcrumbs":false,"_genesis_hide_singular_image":false,"_genesis_hide_footer_widgets":false,"_genesis_custom_body_class":"","_genesis_custom_post_class":"","_genesis_layout":"","_jetpack_memberships_contains_paid_content":false,"footnotes":""},"categories":[22,7],"tags":[],"class_list":{"0":"post-74078","1":"post","2":"type-post","3":"status-publish","4":"format-standard","5":"has-post-thumbnail","7":"category-brasil","8":"category-economia","9":"entry","10":"gs-1","11":"gs-odd","12":"gs-even","13":"gs-featured-content-entry"},"jetpack_featured_media_url":"https:\/\/www.redenoticia.com.br\/noticia\/imagens\/economia-grafico.jpg","jetpack_sharing_enabled":true,"jetpack_likes_enabled":true,"_links":{"self":[{"href":"https:\/\/www.redenoticia.com.br\/noticia\/wp-json\/wp\/v2\/posts\/74078","targetHints":{"allow":["GET"]}}],"collection":[{"href":"https:\/\/www.redenoticia.com.br\/noticia\/wp-json\/wp\/v2\/posts"}],"about":[{"href":"https:\/\/www.redenoticia.com.br\/noticia\/wp-json\/wp\/v2\/types\/post"}],"author":[{"embeddable":true,"href":"https:\/\/www.redenoticia.com.br\/noticia\/wp-json\/wp\/v2\/users\/2"}],"replies":[{"embeddable":true,"href":"https:\/\/www.redenoticia.com.br\/noticia\/wp-json\/wp\/v2\/comments?post=74078"}],"version-history":[{"count":0,"href":"https:\/\/www.redenoticia.com.br\/noticia\/wp-json\/wp\/v2\/posts\/74078\/revisions"}],"wp:featuredmedia":[{"embeddable":true,"href":"https:\/\/www.redenoticia.com.br\/noticia\/wp-json\/wp\/v2\/media\/57583"}],"wp:attachment":[{"href":"https:\/\/www.redenoticia.com.br\/noticia\/wp-json\/wp\/v2\/media?parent=74078"}],"wp:term":[{"taxonomy":"category","embeddable":true,"href":"https:\/\/www.redenoticia.com.br\/noticia\/wp-json\/wp\/v2\/categories?post=74078"},{"taxonomy":"post_tag","embeddable":true,"href":"https:\/\/www.redenoticia.com.br\/noticia\/wp-json\/wp\/v2\/tags?post=74078"}],"curies":[{"name":"wp","href":"https:\/\/api.w.org\/{rel}","templated":true}]}}