{"id":74076,"date":"2015-08-17T18:03:42","date_gmt":"2015-08-17T21:03:42","guid":{"rendered":"http:\/\/www.redenoticia.com.br\/noticia\/?p=74076"},"modified":"2015-08-17T18:03:42","modified_gmt":"2015-08-17T21:03:42","slug":"exportacoes-podem-atenuar-crise-no-setor-automotivo-diz-anfavea","status":"publish","type":"post","link":"https:\/\/www.redenoticia.com.br\/noticia\/2015\/exportacoes-podem-atenuar-crise-no-setor-automotivo-diz-anfavea\/74076","title":{"rendered":"Exporta\u00e7\u00f5es podem atenuar crise no setor automotivo, diz Anfavea"},"content":{"rendered":"<p> O presidente da Associa\u00e7\u00e3o Nacional de Fabricantes de Ve\u00edculos Automotores (<strong><em>Anfavea<\/em><\/strong>), Luiz Moan, disse que a retirada de descontos ou isen\u00e7\u00f5es do Imposto Sobre a Propriedade Industrial (IPI), n\u00e3o significa necessariamente a perpetua\u00e7\u00e3o de vendas fracas e de corte de pessoal na ind\u00fastria automobil\u00edstica. O Brasil, segundo ele, pode se contrapor a esse cen\u00e1rio negativo por meio da ado\u00e7\u00e3o de medidas estruturais e de est\u00edmulos \u00e0s exporta\u00e7\u00f5es.<\/p>\n<p>O incentivo governamental ao aumento das vendas de autom\u00f3veis e comerciais leves, por meio de corte do IPI, entrou em vig\u00eancia em maio de 2012, mas foi revogado pelo governo no in\u00edcio de 2015 para evitar perda de receita tribut\u00e1ria.<\/p>\n<p>Durante palestra no workshop Planejamento Automotivo 2016, que ocorre no World Trade Center, na zona sul da cidade, Moan disse que, apesar da redu\u00e7\u00e3o nas vendas de ve\u00edculos observada nos \u00faltimos meses, a confian\u00e7a do setor, no futuro do mercado, \u201cn\u00e3o cessou em nenhum minuto\u201d.<\/p>\n<p>O sinal mais evidente dessa confian\u00e7a, conforme observou, \u00e9 que n\u00e3o houve cortes nos investimentos. \u201cEm julho, tivemos a confirma\u00e7\u00e3o de R$ 7,8 bilh\u00f5es de novos investimentos n\u00e3o s\u00f3 na moderniza\u00e7\u00e3o de f\u00e1bricas como na cria\u00e7\u00e3o de centros de engenharia automotiva\u201d.<\/p>\n<p>Embora acene com a retomada do crescimento apenas para o segundo trimestre do pr\u00f3ximo ano, o executivo manifestou a expectativa de que ainda nesta semana saiam medidas de est\u00edmulos \u00e0s exporta\u00e7\u00f5es. Em encontro da cadeia com representantes de v\u00e1rios minist\u00e9rios do governo brasileiro, as empresas tentam reduzir impostos e outros embara\u00e7os alfandeg\u00e1rios em acordos bilaterais. Entre esses acordos est\u00e1 a negocia\u00e7\u00e3o com a Col\u00f4mbia.<\/p>\n<p>Moan destacou que as vendas para este pa\u00eds est\u00e3o em torno de 10 mil unidades, n\u00famero que poderia ser bem maior porque a Col\u00f4mbia tem o terceiro maior mercado na Am\u00e9rica do Sul, com demanda de 300 mil ve\u00edculos por ano. Al\u00e9m disso, em todo o continente, este pa\u00eds tem o segundo maior Produto Interno Bruto (PIB). Segundo Moan, nas discuss\u00f5es interministeriais, est\u00e3o ainda a renova\u00e7\u00e3o do acordo com o M\u00e9xico e sd exporta\u00e7\u00f5es para o Peru, o Uruguai e pa\u00edses do continente africano.<\/p>\n<p>O presidente da Anfavea afirmou que as montadoras n\u00e3o est\u00e3o deixando de lado os parceiros do Mercosul. De acordo com Moan, h\u00e1 apenas um compasso de espera em rela\u00e7\u00e3o \u00e0 Argentina, que, igualmente, passa por dificuldades econ\u00f4micas.<\/p>\n<p>Moan mencionou as expectativas do setor automobil\u00edstico sobre as vendas no varejo. Ele disse que as experi\u00eancias que tiveram \u00eaxito, em termos de neg\u00f3cios, vieram das vendas por meio de cons\u00f3rcios e de eventos como o Sal\u00e3o Auto-Caixa, em parceria com a Caixa Econ\u00f4mica Federal. O setor espera ainda que o governo federal crie novos est\u00edmulos por meio do Plano Safra Agr\u00edcola, permitindo mais facilidades no acesso dos agricultores aos financiamentos para a compra de caminh\u00f5es, implementos e m\u00e1quinas agr\u00edcolas.<\/p>\n<p>Moan voltou a defender a aprova\u00e7\u00e3o do ajuste fiscal em curto prazo e o prosseguimento do Programa de Prote\u00e7\u00e3o ao Emprego (PPE) como op\u00e7\u00f5es que surgem para contornar a crise. Ele acrescentou que os empregados de quatro empresas de autope\u00e7as j\u00e1 aderiram ao PPE, que prev\u00ea redu\u00e7\u00e3o da jornada com diminui\u00e7\u00e3o de sal\u00e1rio em troca da estabiliza\u00e7\u00e3o no emprego. Moan lembrou que, no \u00faltimo s\u00e1bado, os metal\u00fargicos da Mercedes Benz, de S\u00e3o Bernardo do Campo, aprovaram a autoriza\u00e7\u00e3o para que o sindicato da categoria negocie a ades\u00e3o ao programa.<\/p>\n<p>Marli Moreira &#8211; Rep\u00f3rter da Ag\u00eancia Brasil<br \/>\nEdi\u00e7\u00e3o: Jos\u00e9 Romildo<\/p>\n","protected":false},"excerpt":{"rendered":"<p>O presidente da Associa\u00e7\u00e3o Nacional de Fabricantes de Ve\u00edculos Automotores (Anfavea), Luiz Moan, disse que a retirada de descontos ou isen\u00e7\u00f5es do Imposto Sobre a Propriedade Industrial (IPI), n\u00e3o significa necessariamente a perpetua\u00e7\u00e3o de vendas fracas e de corte de pessoal na ind\u00fastria automobil\u00edstica. O Brasil, segundo ele, pode se contrapor a esse cen\u00e1rio negativo [&hellip;]<\/p>\n","protected":false},"author":2,"featured_media":57585,"comment_status":"open","ping_status":"closed","sticky":false,"template":"","format":"standard","meta":{"_genesis_hide_title":false,"_genesis_hide_breadcrumbs":false,"_genesis_hide_singular_image":false,"_genesis_hide_footer_widgets":false,"_genesis_custom_body_class":"","_genesis_custom_post_class":"","_genesis_layout":"","_jetpack_memberships_contains_paid_content":false,"footnotes":""},"categories":[22],"tags":[],"class_list":{"0":"post-74076","1":"post","2":"type-post","3":"status-publish","4":"format-standard","5":"has-post-thumbnail","7":"category-brasil","8":"entry","9":"gs-1","10":"gs-odd","11":"gs-even","12":"gs-featured-content-entry"},"jetpack_featured_media_url":"https:\/\/www.redenoticia.com.br\/noticia\/imagens\/analise-economia.jpg","jetpack_sharing_enabled":true,"jetpack_likes_enabled":true,"_links":{"self":[{"href":"https:\/\/www.redenoticia.com.br\/noticia\/wp-json\/wp\/v2\/posts\/74076","targetHints":{"allow":["GET"]}}],"collection":[{"href":"https:\/\/www.redenoticia.com.br\/noticia\/wp-json\/wp\/v2\/posts"}],"about":[{"href":"https:\/\/www.redenoticia.com.br\/noticia\/wp-json\/wp\/v2\/types\/post"}],"author":[{"embeddable":true,"href":"https:\/\/www.redenoticia.com.br\/noticia\/wp-json\/wp\/v2\/users\/2"}],"replies":[{"embeddable":true,"href":"https:\/\/www.redenoticia.com.br\/noticia\/wp-json\/wp\/v2\/comments?post=74076"}],"version-history":[{"count":0,"href":"https:\/\/www.redenoticia.com.br\/noticia\/wp-json\/wp\/v2\/posts\/74076\/revisions"}],"wp:featuredmedia":[{"embeddable":true,"href":"https:\/\/www.redenoticia.com.br\/noticia\/wp-json\/wp\/v2\/media\/57585"}],"wp:attachment":[{"href":"https:\/\/www.redenoticia.com.br\/noticia\/wp-json\/wp\/v2\/media?parent=74076"}],"wp:term":[{"taxonomy":"category","embeddable":true,"href":"https:\/\/www.redenoticia.com.br\/noticia\/wp-json\/wp\/v2\/categories?post=74076"},{"taxonomy":"post_tag","embeddable":true,"href":"https:\/\/www.redenoticia.com.br\/noticia\/wp-json\/wp\/v2\/tags?post=74076"}],"curies":[{"name":"wp","href":"https:\/\/api.w.org\/{rel}","templated":true}]}}