{"id":74072,"date":"2015-08-17T17:58:59","date_gmt":"2015-08-17T20:58:59","guid":{"rendered":"http:\/\/www.redenoticia.com.br\/noticia\/?p=74072"},"modified":"2015-08-17T17:58:59","modified_gmt":"2015-08-17T20:58:59","slug":"prefeitura-do-rio-promove-mutirao-de-negociacao-fiscal","status":"publish","type":"post","link":"https:\/\/www.redenoticia.com.br\/noticia\/2015\/prefeitura-do-rio-promove-mutirao-de-negociacao-fiscal\/74072","title":{"rendered":"Prefeitura do Rio promove mutir\u00e3o de negocia\u00e7\u00e3o fiscal"},"content":{"rendered":"<p> A prefeitura do Rio de Janeiro espera arrecadar R$ 800 milh\u00f5es em impostos at\u00e9 o fim da pr\u00f3xima semana por meio do <strong><em>mutir\u00e3o de negocia\u00e7\u00e3o fiscal<\/em><\/strong> \u2013 a Campanha Concilia Rio \u2013 que vai at\u00e9 o dia 28 deste m\u00eas. O trabalho \u00e9 feito em parceria do Tribunal de Justi\u00e7a do Estado do Rio de Janeiro (TJRJ) com a D\u00edvida Ativa do Munic\u00edpio e a Corregedoria Nacional de Justi\u00e7a (CNJ).<\/p>\n<p>\u201cA expectativa  \u00e9 solucionar milhares de processos judiciais\u201d, afirma a ju\u00edza K\u00e1tia Torres, da 12\u00aa Vara de Fazenda P\u00fablica do Rio de Janeiro. Ela destacou que a concilia\u00e7\u00e3o pode levar \u00e0 quita\u00e7\u00e3o de d\u00e9bitos com os impostos Predial e Territorial Urbano (IPTU), sobre Servi\u00e7os (ISS) e de Transmiss\u00e3o de Bens Im\u00f3veis (ITBI), al\u00e9m de taxas, incluindo multas administrativas.<\/p>\n<p>Segundo K\u00e1tia, de todas as a\u00e7\u00f5es em curso no Brasil, 41% correspondem a a\u00e7\u00f5es fiscais ajuizadas pelos munic\u00edpios para receber d\u00edvidas n\u00e3o quitadas por cidad\u00e3os ou empresas. &#8220;S\u00f3 o munic\u00edpio do Rio tem uma fila de espera de cerca de 800 mil a\u00e7\u00f5es fiscais. N\u00e3o tem como um juiz resolver todos esses processos em um tempo razo\u00e1vel. Por isso, fazemos a campanha, para, em um tempo razo\u00e1vel, conseguir o cr\u00e9dito tribut\u00e1rio e diminuir o n\u00famero de processos&#8221;, disse a ju\u00edza.<\/p>\n<p>O mutir\u00e3o vai oferecer 60% de desconto nos juros para quem quitar os d\u00e9bitos \u00e0 vista. Para quem optar pelo parcelamento da d\u00edvida, o desconto vai variar de 10% a 40%, de acordo com o n\u00famero de parcelas. Al\u00e9m disso, quem aderir ao Concilia Rio ter\u00e1 100% de desconto nos encargos morat\u00f3rios.<\/p>\n<p>O procurador-geral do munic\u00edpio, Fernando Dion\u00edsio, informou que, uma vez firmado o acordo para a obten\u00e7\u00e3o do desconto, o contribuinte dever\u00e1 pagar rigorosamente em dia para manter o benef\u00edcio concedido. Segundo Dion\u00edsio, quem n\u00e3o quitar as d\u00edvidas pode sofrer a\u00e7\u00e3o judicial.<\/p>\n<p>&#8220;No caso do IPTU, a garantia da d\u00edvida \u00e9 o pr\u00f3prio im\u00f3vel, que pode ser penhorado e at\u00e9 vendido por meio de um leil\u00e3o. J\u00e1 as empresas que atrasam o ISS, podem ter a penhora online determinada pela Justi\u00e7a. Neste caso, o valor da execu\u00e7\u00e3o pode ser debitado da conta corrente da entidade&#8221;, informou o procurador.<\/p>\n<p>O aposentado Beneval de Deus, de 74 anos, procurou o Concilia Rio na manh\u00e3 de hoje (17) para esclarecer algumas d\u00favidas sobre tributos. Ele acha que as condi\u00e7\u00f5es de quita\u00e7\u00e3o do processo poderiam ser mais vantajosas, uma vez que \u201ca maioria dos cidad\u00e3os atrasa os tributos por falta de recursos para os pagamentos\u201d.<\/p>\n<p>&#8220;Quem n\u00e3o pagou a d\u00edvida at\u00e9 agora n\u00e3o vai pagar s\u00f3 com um desconto de 10%. Se n\u00e3o quitou at\u00e9 agora \u00e9 porque n\u00e3o tem condi\u00e7\u00f5es. A pessoa s\u00f3 vai conseguir se livrar da d\u00edvida com um bom desconto\u201d, disse Beneval.<\/p>\n<p>O Concilia Rio foi criado pela Lei 5.584\/2015, que permite ao contribuinte a concilia\u00e7\u00e3o de d\u00e9bitos referentes a todos os tributos municipais. Embora a lei estabele\u00e7a o prazo de seis meses para a vig\u00eancia do programa, a D\u00edvida Ativa decidiu que s\u00f3 far\u00e1 essa negocia\u00e7\u00e3o durante a semana do mutir\u00e3o. E quem perder o prazo n\u00e3o ter\u00e1 direito aos descontos.<\/p>\n<p>Da Ag\u00eancia Brasil<br \/>\nEdi\u00e7\u00e3o: Maria Claudia<\/p>\n","protected":false},"excerpt":{"rendered":"<p>A prefeitura do Rio de Janeiro espera arrecadar R$ 800 milh\u00f5es em impostos at\u00e9 o fim da pr\u00f3xima semana por meio do mutir\u00e3o de negocia\u00e7\u00e3o fiscal \u2013 a Campanha Concilia Rio \u2013 que vai at\u00e9 o dia 28 deste m\u00eas. O trabalho \u00e9 feito em parceria do Tribunal de Justi\u00e7a do Estado do Rio de [&hellip;]<\/p>\n","protected":false},"author":2,"featured_media":40734,"comment_status":"open","ping_status":"closed","sticky":false,"template":"","format":"standard","meta":{"_genesis_hide_title":false,"_genesis_hide_breadcrumbs":false,"_genesis_hide_singular_image":false,"_genesis_hide_footer_widgets":false,"_genesis_custom_body_class":"","_genesis_custom_post_class":"","_genesis_layout":"","_jetpack_memberships_contains_paid_content":false,"footnotes":""},"categories":[22,7],"tags":[],"class_list":{"0":"post-74072","1":"post","2":"type-post","3":"status-publish","4":"format-standard","5":"has-post-thumbnail","7":"category-brasil","8":"category-economia","9":"entry","10":"gs-1","11":"gs-odd","12":"gs-even","13":"gs-featured-content-entry"},"jetpack_featured_media_url":"https:\/\/www.redenoticia.com.br\/noticia\/imagens\/economia-resultados.jpg","jetpack_sharing_enabled":true,"jetpack_likes_enabled":true,"_links":{"self":[{"href":"https:\/\/www.redenoticia.com.br\/noticia\/wp-json\/wp\/v2\/posts\/74072","targetHints":{"allow":["GET"]}}],"collection":[{"href":"https:\/\/www.redenoticia.com.br\/noticia\/wp-json\/wp\/v2\/posts"}],"about":[{"href":"https:\/\/www.redenoticia.com.br\/noticia\/wp-json\/wp\/v2\/types\/post"}],"author":[{"embeddable":true,"href":"https:\/\/www.redenoticia.com.br\/noticia\/wp-json\/wp\/v2\/users\/2"}],"replies":[{"embeddable":true,"href":"https:\/\/www.redenoticia.com.br\/noticia\/wp-json\/wp\/v2\/comments?post=74072"}],"version-history":[{"count":0,"href":"https:\/\/www.redenoticia.com.br\/noticia\/wp-json\/wp\/v2\/posts\/74072\/revisions"}],"wp:featuredmedia":[{"embeddable":true,"href":"https:\/\/www.redenoticia.com.br\/noticia\/wp-json\/wp\/v2\/media\/40734"}],"wp:attachment":[{"href":"https:\/\/www.redenoticia.com.br\/noticia\/wp-json\/wp\/v2\/media?parent=74072"}],"wp:term":[{"taxonomy":"category","embeddable":true,"href":"https:\/\/www.redenoticia.com.br\/noticia\/wp-json\/wp\/v2\/categories?post=74072"},{"taxonomy":"post_tag","embeddable":true,"href":"https:\/\/www.redenoticia.com.br\/noticia\/wp-json\/wp\/v2\/tags?post=74072"}],"curies":[{"name":"wp","href":"https:\/\/api.w.org\/{rel}","templated":true}]}}