{"id":74070,"date":"2015-08-17T17:56:32","date_gmt":"2015-08-17T20:56:32","guid":{"rendered":"http:\/\/www.redenoticia.com.br\/noticia\/?p=74070"},"modified":"2015-08-17T17:56:32","modified_gmt":"2015-08-17T20:56:32","slug":"el-nino-pode-elevar-nivel-dos-reservatorios-em-2016-diz-ons","status":"publish","type":"post","link":"https:\/\/www.redenoticia.com.br\/noticia\/2015\/el-nino-pode-elevar-nivel-dos-reservatorios-em-2016-diz-ons\/74070","title":{"rendered":"El Ni\u00f1o pode elevar n\u00edvel dos reservat\u00f3rios em 2016, diz ONS"},"content":{"rendered":"<p> Ao participar do 5\u00ba Semin\u00e1rio sobre a Matriz e Seguran\u00e7a Energ\u00e9tica Brasileira, promovido pela Funda\u00e7\u00e3o Getulio Vargas, o diretor-geral do Operador Nacional do Sistema El\u00e9trico (ONS), Hermes Chipp, disse que a perspectiva dos reservat\u00f3rios para gera\u00e7\u00e3o de energia no pr\u00f3ximo ano \u00e9 mais tranquila do que foi na virada do ano passado para 2015. &#8220;N\u00e3o temos uma hidrologia espetacular, mas \u00e9 muito melhor  que no ano passado&#8221;, disse Chipp, que atribuiu ao fen\u00f4meno clim\u00e1tico <strong><em>El Ni\u00f1o<\/em><\/strong> um &#8220;papel importante&#8221; na melhoria da situa\u00e7\u00e3o.<\/p>\n<p>&#8220;A expectativa dos meteorologistas \u00e9 que a transi\u00e7\u00e3o [de 2015 para 2016] seja favor\u00e1vel por causa do fen\u00f4meno El Ni\u00f1o, com muita chuva no Sul, chegando ali, no Centro-Sul do pa\u00eds, pegando S\u00e3o Paulo e incrementando Itaipu&#8221;.<\/p>\n<p>Chipp disse que \u00e9 preciso esperar o m\u00eas de outubro, quando acaba o per\u00edodo seco, para que fique mais definida a possibilidade de desativar mais usinas t\u00e9rmicas. Neste m\u00eas, o Comit\u00ea de Monitoramento do Setor El\u00e9trico autorizou o desligamento de 2 mil megawatts (MW) em usinas t\u00e9rmicas com custo de opera\u00e7\u00e3o superior a R$600\/MWh.<\/p>\n<p>A decis\u00e3o de desligar as usinas, segundo Chipp, foi fundamentada na redu\u00e7\u00e3o do consumo de energia no pa\u00eds e na prov\u00e1vel expans\u00e3o da oferta. As novas usinas no Rio Madeira e as e\u00f3licas devem come\u00e7ar a funcionar ainda neste ano.<\/p>\n<p>O segundo relat\u00f3rio anual de revis\u00e3o de carga, que atualiza as perspectivas de consumo, teve que ser antecipado de setembro para julho por causa da redu\u00e7\u00e3o verificada, informou o Operador do Sistema El\u00e9trico. Entre janeiro e julho, o consumo caiu 2,8% no pa\u00eds, e a previs\u00e3o \u00e9 que a redu\u00e7\u00e3o no ano de 2015 possa chegar a 2%.<\/p>\n<p>Outro fator que influenciou o desligamento das usinas t\u00e9rmicas, segundo Chipp, foi a possibilidade de o pa\u00eds chegar ao m\u00eas de novembro com os reservat\u00f3rios em 31%, o que reduzir\u00e1 a preocupa\u00e7\u00e3o com o abastecimento no per\u00edodo seco em 2016, mesmo com previs\u00f5es &#8220;conservadoras&#8221; sobre o pr\u00f3ximo per\u00edodo \u00famido. <\/p>\n<p>Chipp afirma que o Nordeste n\u00e3o deve ser afetado pelos efeitos de El Ni\u00f1o e, por isso, pode registrar menos chuvas. Na pr\u00f3xima quarta-feira (19), o ONS participar\u00e1 de uma reuni\u00e3o com a Ag\u00eancia Nacional de \u00c1guas, quando deve ser discutido o aumento da deflu\u00eancia da represa de Tr\u00eas Marias, para ajudar na recupera\u00e7\u00e3o do reservat\u00f3rio da usina de Sobradinho, na Bahia.<\/p>\n<p>Vin\u00edcius Lisb\u00f4a &#8211; Rep\u00f3rter da Ag\u00eancia Brasil<br \/>\nEdi\u00e7\u00e3o: Maria Claudia<\/p>\n","protected":false},"excerpt":{"rendered":"<p>Ao participar do 5\u00ba Semin\u00e1rio sobre a Matriz e Seguran\u00e7a Energ\u00e9tica Brasileira, promovido pela Funda\u00e7\u00e3o Getulio Vargas, o diretor-geral do Operador Nacional do Sistema El\u00e9trico (ONS), Hermes Chipp, disse que a perspectiva dos reservat\u00f3rios para gera\u00e7\u00e3o de energia no pr\u00f3ximo ano \u00e9 mais tranquila do que foi na virada do ano passado para 2015. &#8220;N\u00e3o [&hellip;]<\/p>\n","protected":false},"author":2,"featured_media":34905,"comment_status":"open","ping_status":"closed","sticky":false,"template":"","format":"standard","meta":{"_genesis_hide_title":false,"_genesis_hide_breadcrumbs":false,"_genesis_hide_singular_image":false,"_genesis_hide_footer_widgets":false,"_genesis_custom_body_class":"","_genesis_custom_post_class":"","_genesis_layout":"","_jetpack_memberships_contains_paid_content":false,"footnotes":""},"categories":[22],"tags":[],"class_list":{"0":"post-74070","1":"post","2":"type-post","3":"status-publish","4":"format-standard","5":"has-post-thumbnail","7":"category-brasil","8":"entry","9":"gs-1","10":"gs-odd","11":"gs-even","12":"gs-featured-content-entry"},"jetpack_featured_media_url":"https:\/\/www.redenoticia.com.br\/noticia\/imagens\/codigo-florestal.jpg","jetpack_sharing_enabled":true,"jetpack_likes_enabled":true,"_links":{"self":[{"href":"https:\/\/www.redenoticia.com.br\/noticia\/wp-json\/wp\/v2\/posts\/74070","targetHints":{"allow":["GET"]}}],"collection":[{"href":"https:\/\/www.redenoticia.com.br\/noticia\/wp-json\/wp\/v2\/posts"}],"about":[{"href":"https:\/\/www.redenoticia.com.br\/noticia\/wp-json\/wp\/v2\/types\/post"}],"author":[{"embeddable":true,"href":"https:\/\/www.redenoticia.com.br\/noticia\/wp-json\/wp\/v2\/users\/2"}],"replies":[{"embeddable":true,"href":"https:\/\/www.redenoticia.com.br\/noticia\/wp-json\/wp\/v2\/comments?post=74070"}],"version-history":[{"count":0,"href":"https:\/\/www.redenoticia.com.br\/noticia\/wp-json\/wp\/v2\/posts\/74070\/revisions"}],"wp:featuredmedia":[{"embeddable":true,"href":"https:\/\/www.redenoticia.com.br\/noticia\/wp-json\/wp\/v2\/media\/34905"}],"wp:attachment":[{"href":"https:\/\/www.redenoticia.com.br\/noticia\/wp-json\/wp\/v2\/media?parent=74070"}],"wp:term":[{"taxonomy":"category","embeddable":true,"href":"https:\/\/www.redenoticia.com.br\/noticia\/wp-json\/wp\/v2\/categories?post=74070"},{"taxonomy":"post_tag","embeddable":true,"href":"https:\/\/www.redenoticia.com.br\/noticia\/wp-json\/wp\/v2\/tags?post=74070"}],"curies":[{"name":"wp","href":"https:\/\/api.w.org\/{rel}","templated":true}]}}