{"id":74007,"date":"2015-08-14T16:43:36","date_gmt":"2015-08-14T19:43:36","guid":{"rendered":"http:\/\/www.redenoticia.com.br\/noticia\/?p=74007"},"modified":"2015-08-14T16:43:36","modified_gmt":"2015-08-14T19:43:36","slug":"desvalorizacao-cambial-nao-gera-aumento-imediato-nas-exportacoes-diz-estudo","status":"publish","type":"post","link":"https:\/\/www.redenoticia.com.br\/noticia\/2015\/desvalorizacao-cambial-nao-gera-aumento-imediato-nas-exportacoes-diz-estudo\/74007","title":{"rendered":"Desvaloriza\u00e7\u00e3o cambial n\u00e3o gera aumento imediato nas exporta\u00e7\u00f5es, diz estudo"},"content":{"rendered":"<p> A Confedera\u00e7\u00e3o Nacional da Ind\u00fastria (CNI) anunciou que as <strong><em>exporta\u00e7\u00f5es brasileiras<\/em><\/strong> v\u00eam reagindo gradualmente \u00e0 deprecia\u00e7\u00e3o do real. No entanto, segundo a CNI, a rea\u00e7\u00e3o ainda n\u00e3o \u00e9 expressiva.<\/p>\n<p>A avalia\u00e7\u00e3o \u00e9 feita com base no coeficiente de exporta\u00e7\u00e3o que, no segundo trimestre, em compara\u00e7\u00e3o ao primeiro trimestre deste ano, registrou alta de 0,6 ponto percentual. O coeficiente mede, na \u00e2mbito produ\u00e7\u00e3o industrial brasileira, o montante destinado \u00e0 exporta\u00e7\u00e3o.<\/p>\n<p>Os dados est\u00e3o no estudo Coeficientes de Abertura Comercial, elaborado pela CNI, em parceria com a Funda\u00e7\u00e3o Centro de Estudos de Com\u00e9rcio Exterior (Funcex).<\/p>\n<p>Segundo o estudo, o est\u00edmulo \u00e0s exporta\u00e7\u00f5es, representado pela desvaloriza\u00e7\u00e3o do real, n\u00e3o significa aumento autom\u00e1tico nas vendas para o exterior. \u201cA alta na quantidade exportada leva tempo devido \u00e0s dificuldades inerentes \u00e0 entrada em novos mercados\u201d, informou o estudo.<\/p>\n<p>Da Ag\u00eancia Brasil<br \/>\nEdi\u00e7\u00e3o: Jos\u00e9 Romildo<\/p>\n<p>&#8212;<br \/>\nA Empresa Brasil de Comunica\u00e7\u00e3o \u00e9 uma institui\u00e7\u00e3o da democracia brasileira: p\u00fablica, inclusiva e cidad\u00e3.  Criada em 2007 para fortalecer o sistema p\u00fablico de comunica\u00e7\u00e3o, \u00e9 gestora dos canais TV Brasil, TV Brasil Internacional, Ag\u00eancia Brasil, Radioag\u00eancia Nacional e do sistema p\u00fablico de R\u00e1dio \u2013 composto por oito emissoras. Estes, por sua independ\u00eancia editorial, distinguem-se dos canais estatais ou governamentais, com conte\u00fados diferenciados e complementares aos canais privados.<br \/>\nOs ve\u00edculos da EBC t\u00eam autonomia para definir produ\u00e7\u00e3o, programa\u00e7\u00e3o e distribui\u00e7\u00e3o de conte\u00fados.<\/p>\n","protected":false},"excerpt":{"rendered":"<p>A Confedera\u00e7\u00e3o Nacional da Ind\u00fastria (CNI) anunciou que as exporta\u00e7\u00f5es brasileiras v\u00eam reagindo gradualmente \u00e0 deprecia\u00e7\u00e3o do real. No entanto, segundo a CNI, a rea\u00e7\u00e3o ainda n\u00e3o \u00e9 expressiva. A avalia\u00e7\u00e3o \u00e9 feita com base no coeficiente de exporta\u00e7\u00e3o que, no segundo trimestre, em compara\u00e7\u00e3o ao primeiro trimestre deste ano, registrou alta de 0,6 ponto [&hellip;]<\/p>\n","protected":false},"author":2,"featured_media":57583,"comment_status":"open","ping_status":"closed","sticky":false,"template":"","format":"standard","meta":{"_genesis_hide_title":false,"_genesis_hide_breadcrumbs":false,"_genesis_hide_singular_image":false,"_genesis_hide_footer_widgets":false,"_genesis_custom_body_class":"","_genesis_custom_post_class":"","_genesis_layout":"","_jetpack_memberships_contains_paid_content":false,"footnotes":""},"categories":[22,7],"tags":[],"class_list":{"0":"post-74007","1":"post","2":"type-post","3":"status-publish","4":"format-standard","5":"has-post-thumbnail","7":"category-brasil","8":"category-economia","9":"entry","10":"gs-1","11":"gs-odd","12":"gs-even","13":"gs-featured-content-entry"},"jetpack_featured_media_url":"https:\/\/www.redenoticia.com.br\/noticia\/imagens\/economia-grafico.jpg","jetpack_sharing_enabled":true,"jetpack_likes_enabled":true,"_links":{"self":[{"href":"https:\/\/www.redenoticia.com.br\/noticia\/wp-json\/wp\/v2\/posts\/74007","targetHints":{"allow":["GET"]}}],"collection":[{"href":"https:\/\/www.redenoticia.com.br\/noticia\/wp-json\/wp\/v2\/posts"}],"about":[{"href":"https:\/\/www.redenoticia.com.br\/noticia\/wp-json\/wp\/v2\/types\/post"}],"author":[{"embeddable":true,"href":"https:\/\/www.redenoticia.com.br\/noticia\/wp-json\/wp\/v2\/users\/2"}],"replies":[{"embeddable":true,"href":"https:\/\/www.redenoticia.com.br\/noticia\/wp-json\/wp\/v2\/comments?post=74007"}],"version-history":[{"count":0,"href":"https:\/\/www.redenoticia.com.br\/noticia\/wp-json\/wp\/v2\/posts\/74007\/revisions"}],"wp:featuredmedia":[{"embeddable":true,"href":"https:\/\/www.redenoticia.com.br\/noticia\/wp-json\/wp\/v2\/media\/57583"}],"wp:attachment":[{"href":"https:\/\/www.redenoticia.com.br\/noticia\/wp-json\/wp\/v2\/media?parent=74007"}],"wp:term":[{"taxonomy":"category","embeddable":true,"href":"https:\/\/www.redenoticia.com.br\/noticia\/wp-json\/wp\/v2\/categories?post=74007"},{"taxonomy":"post_tag","embeddable":true,"href":"https:\/\/www.redenoticia.com.br\/noticia\/wp-json\/wp\/v2\/tags?post=74007"}],"curies":[{"name":"wp","href":"https:\/\/api.w.org\/{rel}","templated":true}]}}