{"id":74005,"date":"2015-08-14T16:41:12","date_gmt":"2015-08-14T19:41:12","guid":{"rendered":"http:\/\/www.redenoticia.com.br\/noticia\/?p=74005"},"modified":"2015-08-14T16:41:12","modified_gmt":"2015-08-14T19:41:12","slug":"pf-apura-suspeita-de-superfaturamento-na-construcao-da-arena-pernambuco","status":"publish","type":"post","link":"https:\/\/www.redenoticia.com.br\/noticia\/2015\/pf-apura-suspeita-de-superfaturamento-na-construcao-da-arena-pernambuco\/74005","title":{"rendered":"PF apura suspeita de superfaturamento na constru\u00e7\u00e3o da Arena Pernambuco"},"content":{"rendered":"<p> A Pol\u00edcia Federal em Pernambuco deflagrou a <strong><em>Opera\u00e7\u00e3o Fair Play<\/em><\/strong> para investigar den\u00fancias de superfaturamento de R$ 42,8 milh\u00f5es na constru\u00e7\u00e3o da Arena Pernambuco, est\u00e1dio constru\u00eddo pela empreiteira Odebrecht para a Copa do Mundo de 2014. Foram cumprido dez mandados de busca e apreens\u00e3o em sedes da construtora em Pernambuco, Bahia, Minas Gerais, S\u00e3o Paulo, Rio de Janeiro e no Distrito Federal. Os agentes tamb\u00e9m recolheram documentos na resid\u00eancia de dois s\u00f3cios da empresa e na sede do Comit\u00ea Gestor de Parceria P\u00fablico-Privada Federal, em Pernambuco.<\/p>\n<p>A Odebrecht, alvo da opera\u00e7\u00e3o Lava Jato por suspeita de participa\u00e7\u00e3o no cartel de empreiteiras que superfaturavam contratos da Petrobras, \u00e9 suspeita de manipular o projeto b\u00e1sico do edital de concorr\u00eancia para a obra do est\u00e1dio. Segundo a PF, a empreiteira foi autorizada a elaborar, sem licita\u00e7\u00e3o, o projeto b\u00e1sico da obra e omitiu infirma\u00e7\u00f5es, n\u00e3o apresentou justificativa para os custos adotados e exigiu atestados t\u00e9cnicos exorbitantes e com prazo ex\u00edguo de an\u00e1lise para as demais concorrentes, o que reduziu as chances de outras empresas de participarem do certame.<\/p>\n<p>Os envolvidos na fraude responder\u00e3o pelos crimes de organiza\u00e7\u00e3o criminosa voltada \u00e0 corrup\u00e7\u00e3o de agentes p\u00fablicos e \u00e0 fraude em licita\u00e7\u00f5es. A Pol\u00edcia Federal requisitou ao Banco Nacional de Desenvolvimento Econ\u00f4mico e Social (BNDES) informa\u00e7\u00f5es relativas ao financiamento concedido \u00e0 construtora.<\/p>\n<p>Em nota, a assessoria de imprensa da construtora Norberto Odebrecht disse ter convic\u00e7\u00e3o da plena regularidade e legalidade do projeto. &#8220;A CNO reafirma, a bem da transpar\u00eancia, que sempre esteve, assim como seus executivos, \u00e0 disposi\u00e7\u00e3o das autoridades para prestar esclarecimentos e apresentar documentos sempre que necess\u00e1rio, sendo injustific\u00e1veis as medidas adotadas nesta data.\u201d<\/p>\n<p>Ivan Richard &#8211; Rep\u00f3rter da Ag\u00eancia Brasil<br \/>\nEdi\u00e7\u00e3o: Talita Cavalcante<\/p>\n","protected":false},"excerpt":{"rendered":"<p>A Pol\u00edcia Federal em Pernambuco deflagrou a Opera\u00e7\u00e3o Fair Play para investigar den\u00fancias de superfaturamento de R$ 42,8 milh\u00f5es na constru\u00e7\u00e3o da Arena Pernambuco, est\u00e1dio constru\u00eddo pela empreiteira Odebrecht para a Copa do Mundo de 2014. Foram cumprido dez mandados de busca e apreens\u00e3o em sedes da construtora em Pernambuco, Bahia, Minas Gerais, S\u00e3o Paulo, [&hellip;]<\/p>\n","protected":false},"author":2,"featured_media":30589,"comment_status":"open","ping_status":"closed","sticky":false,"template":"","format":"standard","meta":{"_genesis_hide_title":false,"_genesis_hide_breadcrumbs":false,"_genesis_hide_singular_image":false,"_genesis_hide_footer_widgets":false,"_genesis_custom_body_class":"","_genesis_custom_post_class":"","_genesis_layout":"","_jetpack_memberships_contains_paid_content":false,"footnotes":""},"categories":[22],"tags":[],"class_list":{"0":"post-74005","1":"post","2":"type-post","3":"status-publish","4":"format-standard","5":"has-post-thumbnail","7":"category-brasil","8":"entry","9":"gs-1","10":"gs-odd","11":"gs-even","12":"gs-featured-content-entry"},"jetpack_featured_media_url":"https:\/\/www.redenoticia.com.br\/noticia\/imagens\/estadio-recife-copa-2014.jpg","jetpack_sharing_enabled":true,"jetpack_likes_enabled":true,"_links":{"self":[{"href":"https:\/\/www.redenoticia.com.br\/noticia\/wp-json\/wp\/v2\/posts\/74005","targetHints":{"allow":["GET"]}}],"collection":[{"href":"https:\/\/www.redenoticia.com.br\/noticia\/wp-json\/wp\/v2\/posts"}],"about":[{"href":"https:\/\/www.redenoticia.com.br\/noticia\/wp-json\/wp\/v2\/types\/post"}],"author":[{"embeddable":true,"href":"https:\/\/www.redenoticia.com.br\/noticia\/wp-json\/wp\/v2\/users\/2"}],"replies":[{"embeddable":true,"href":"https:\/\/www.redenoticia.com.br\/noticia\/wp-json\/wp\/v2\/comments?post=74005"}],"version-history":[{"count":0,"href":"https:\/\/www.redenoticia.com.br\/noticia\/wp-json\/wp\/v2\/posts\/74005\/revisions"}],"wp:featuredmedia":[{"embeddable":true,"href":"https:\/\/www.redenoticia.com.br\/noticia\/wp-json\/wp\/v2\/media\/30589"}],"wp:attachment":[{"href":"https:\/\/www.redenoticia.com.br\/noticia\/wp-json\/wp\/v2\/media?parent=74005"}],"wp:term":[{"taxonomy":"category","embeddable":true,"href":"https:\/\/www.redenoticia.com.br\/noticia\/wp-json\/wp\/v2\/categories?post=74005"},{"taxonomy":"post_tag","embeddable":true,"href":"https:\/\/www.redenoticia.com.br\/noticia\/wp-json\/wp\/v2\/tags?post=74005"}],"curies":[{"name":"wp","href":"https:\/\/api.w.org\/{rel}","templated":true}]}}