{"id":74003,"date":"2015-08-14T16:38:54","date_gmt":"2015-08-14T19:38:54","guid":{"rendered":"http:\/\/www.redenoticia.com.br\/noticia\/?p=74003"},"modified":"2015-08-14T16:38:54","modified_gmt":"2015-08-14T19:38:54","slug":"tcu-identifica-superfaturamento-de-r-673-milhoes-na-refinaria-abreu-e-lima","status":"publish","type":"post","link":"https:\/\/www.redenoticia.com.br\/noticia\/2015\/tcu-identifica-superfaturamento-de-r-673-milhoes-na-refinaria-abreu-e-lima\/74003","title":{"rendered":"TCU identifica superfaturamento de R$ 673 milh\u00f5es na Refinaria Abreu e Lima"},"content":{"rendered":"<p> O plen\u00e1rio do Tribunal de Contas da Uni\u00e3o (TCU) aprovou o relat\u00f3rio do ministro Benjamin Zymler, no qual foi identificado superfaturamento de R$ 673 milh\u00f5es em contratos de obras da Refinaria Abreu e Lima, no Recife. Os valores s\u00e3o resultado da an\u00e1lise de uma amostra de R$ 1,46 bilh\u00e3o, de contratos que totalizam R$ 3,37 bilh\u00f5es para obras da refinaria.<\/p>\n<p> Dos R$ 673 milh\u00f5es calculados como sobrepre\u00e7o, R$ 186 milh\u00f5es est\u00e3o relacionados a valores desembolsados para fornecimentos. De acordo com o TCU, o valor est\u00e1 114% acima do pre\u00e7o de refer\u00eancia.<\/p>\n<p>Do total pago a mais, R$ 317 milh\u00f5es foram gastos com m\u00e3o de obra, o que, segundo o TCU, representa valor 174% maior do que o considerado como referencial. Em equipamentos de montagem, foram investidos R$119 milh\u00f5es a mais do que o tribunal apontou como refer\u00eancia \u2013 valor que, segundo Zymler, \u00e9 59% maior que os pre\u00e7os de mercado.<\/p>\n<p>No relat\u00f3rio, Zymler destacou a import\u00e2ncia dos \u00f3rg\u00e3os investigativos para comprova\u00e7\u00e3o do esquema de corrup\u00e7\u00e3o.<\/p>\n<p>Pedro Peduzzi &#8211; Rep\u00f3rter da Ag\u00eancia Brasil<br \/>\nEdi\u00e7\u00e3o: Armando Cardoso<\/p>\n","protected":false},"excerpt":{"rendered":"<p>O plen\u00e1rio do Tribunal de Contas da Uni\u00e3o (TCU) aprovou o relat\u00f3rio do ministro Benjamin Zymler, no qual foi identificado superfaturamento de R$ 673 milh\u00f5es em contratos de obras da Refinaria Abreu e Lima, no Recife. Os valores s\u00e3o resultado da an\u00e1lise de uma amostra de R$ 1,46 bilh\u00e3o, de contratos que totalizam R$ 3,37 [&hellip;]<\/p>\n","protected":false},"author":2,"featured_media":38938,"comment_status":"open","ping_status":"closed","sticky":false,"template":"","format":"standard","meta":{"_genesis_hide_title":false,"_genesis_hide_breadcrumbs":false,"_genesis_hide_singular_image":false,"_genesis_hide_footer_widgets":false,"_genesis_custom_body_class":"","_genesis_custom_post_class":"","_genesis_layout":"","_jetpack_memberships_contains_paid_content":false,"footnotes":""},"categories":[22],"tags":[],"class_list":{"0":"post-74003","1":"post","2":"type-post","3":"status-publish","4":"format-standard","5":"has-post-thumbnail","7":"category-brasil","8":"entry","9":"gs-1","10":"gs-odd","11":"gs-even","12":"gs-featured-content-entry"},"jetpack_featured_media_url":"https:\/\/www.redenoticia.com.br\/noticia\/imagens\/economia1.jpg","jetpack_sharing_enabled":true,"jetpack_likes_enabled":true,"_links":{"self":[{"href":"https:\/\/www.redenoticia.com.br\/noticia\/wp-json\/wp\/v2\/posts\/74003","targetHints":{"allow":["GET"]}}],"collection":[{"href":"https:\/\/www.redenoticia.com.br\/noticia\/wp-json\/wp\/v2\/posts"}],"about":[{"href":"https:\/\/www.redenoticia.com.br\/noticia\/wp-json\/wp\/v2\/types\/post"}],"author":[{"embeddable":true,"href":"https:\/\/www.redenoticia.com.br\/noticia\/wp-json\/wp\/v2\/users\/2"}],"replies":[{"embeddable":true,"href":"https:\/\/www.redenoticia.com.br\/noticia\/wp-json\/wp\/v2\/comments?post=74003"}],"version-history":[{"count":0,"href":"https:\/\/www.redenoticia.com.br\/noticia\/wp-json\/wp\/v2\/posts\/74003\/revisions"}],"wp:featuredmedia":[{"embeddable":true,"href":"https:\/\/www.redenoticia.com.br\/noticia\/wp-json\/wp\/v2\/media\/38938"}],"wp:attachment":[{"href":"https:\/\/www.redenoticia.com.br\/noticia\/wp-json\/wp\/v2\/media?parent=74003"}],"wp:term":[{"taxonomy":"category","embeddable":true,"href":"https:\/\/www.redenoticia.com.br\/noticia\/wp-json\/wp\/v2\/categories?post=74003"},{"taxonomy":"post_tag","embeddable":true,"href":"https:\/\/www.redenoticia.com.br\/noticia\/wp-json\/wp\/v2\/tags?post=74003"}],"curies":[{"name":"wp","href":"https:\/\/api.w.org\/{rel}","templated":true}]}}