{"id":74000,"date":"2015-08-14T16:37:03","date_gmt":"2015-08-14T19:37:03","guid":{"rendered":"http:\/\/www.redenoticia.com.br\/noticia\/?p=74000"},"modified":"2015-08-14T16:37:27","modified_gmt":"2015-08-14T19:37:27","slug":"lancamento-de-dicionario-de-politicas-publicas","status":"publish","type":"post","link":"https:\/\/www.redenoticia.com.br\/noticia\/2015\/lancamento-de-dicionario-de-politicas-publicas\/74000","title":{"rendered":"Lan\u00e7amento do Dicion\u00e1rio de Pol\u00edticas P\u00fablicas"},"content":{"rendered":"<p>A Editora Unesp e a Funda\u00e7\u00e3o do Desenvolvimento Administrativo (Fundap) promovem na pr\u00f3xima semana, dia 17, o lan\u00e7amento do livro <strong><em>Dicion\u00e1rio de Pol\u00edticas P\u00fablicas<\/em><\/strong>, organizado por Geraldo di Giovanni e Marco Aur\u00e9lio Nogueira. A programa\u00e7\u00e3o conta com mesa de debate sobre o tema com a participa\u00e7\u00e3o dos organizadores e da professora da Unicamp Sonia Draibe, que tamb\u00e9m conduz uma palestra sobre a institucionaliza\u00e7\u00e3o dos estudos em Pol\u00edticas P\u00fablicas. O evento \u00e9 gratuito e acontece no audit\u00f3rio da Fundap, em S\u00e3o Paulo. Todo o lan\u00e7amento ser\u00e1 transmitido ao vivo pelo site Tec Reg com possibilidade de participa\u00e7\u00e3o do p\u00fablico pela internet. (confira, abaixo, os detalhes).<\/p>\n<p>Com mais de mil p\u00e1ginas e quase 300 verbetes elaborados por 180 autores, este dicion\u00e1rio, primeiro do g\u00eanero em portugu\u00eas, tem como objetivo subsidiar os gestores na an\u00e1lise dos problemas relacionados a pol\u00edticas p\u00fablicas e contribuir para a consolida\u00e7\u00e3o da \u00e1rea no pa\u00eds. A obra ainda cumpre o papel de difundir conhecimento sobre o assunto e ampliar esse campo de estudos: \u201cNossa expectativa \u00e9 de que [o Dicion\u00e1rio] tamb\u00e9m seja uma ponte para articular as diferentes tradi\u00e7\u00f5es de pesquisa, facilitar a forma\u00e7\u00e3o de uma cultura e de uma linguagem comuns e valorizar o modo brasileiro de pensar e formular pol\u00edticas p\u00fablicas\u201d, escrevem os organizadores.<\/p>\n<p>Ou\u00e7a entrevista com Marco Aur\u00e9lio Nogueira para o Podcast Unesp<\/p>\n<p>Saiba mais sobre o livro<\/p>\n<p>Servi\u00e7o:<br \/>\nData: 17 de agosto<br \/>\nHor\u00e1rio: Das 9h30 \u00e0s 12h<br \/>\nEndere\u00e7o: Audit\u00f3rio da Fundap \u2013 Rua Alves Guimar\u00e3es, 429 (pr\u00f3ximo ao metr\u00f4 Cl\u00ednicas)<br \/>\nConfirme sua presen\u00e7a pelo telefone (11) 3066-5660 \u2013 caf@fundap.sp.gov.br<br \/>\nTransmiss\u00e3o ao vivo: http:\/\/tecreg.fundap.sp.gov.br\/<br \/>\nConfira programa\u00e7\u00e3o completa:<br \/>\n9h30 \u2013 Credenciamento e caf\u00e9<br \/>\n10h \u2013 In\u00edcio da transmiss\u00e3o e fala dos organizadores da obra<br \/>\n10h45 \u2013 Palestra \u201cA Institucionaliza\u00e7\u00e3o dos Estudos sobre Pol\u00edticas P\u00fablicas no Brasil\u201d, proferida pela professora da Unicamp Sonia Draibe<br \/>\n11h30 \u2013 Debate com participa\u00e7\u00e3o do p\u00fablico<br \/>\n12h \u2013 Encerramento da transmiss\u00e3o e sess\u00e3o de aut\u00f3grafos<\/p>\n<p>Informa\u00e7\u00f5es<br \/>\nhttp:\/\/www.editoraunesp.com.br<br \/>\nhttp:\/\/blog.editoraunesp.com.br<br \/>\nmarina.pereira@editora.unesp.br<br \/>\nimprensa@editora.unesp.br<br \/>\n(11) 3242-7171 ramal 519<\/p>\n<p>Unesp \u2013 Universidade Estadual Paulista<br \/>\nAssessoria de Comunica\u00e7\u00e3o e Imprensa<\/p>\n","protected":false},"excerpt":{"rendered":"<p>A Editora Unesp e a Funda\u00e7\u00e3o do Desenvolvimento Administrativo (Fundap) promovem na pr\u00f3xima semana, dia 17, o lan\u00e7amento do livro Dicion\u00e1rio de Pol\u00edticas P\u00fablicas, organizado por Geraldo di Giovanni e Marco Aur\u00e9lio Nogueira. A programa\u00e7\u00e3o conta com mesa de debate sobre o tema com a participa\u00e7\u00e3o dos organizadores e da professora da Unicamp Sonia Draibe, [&hellip;]<\/p>\n","protected":false},"author":2,"featured_media":34821,"comment_status":"open","ping_status":"closed","sticky":false,"template":"","format":"standard","meta":{"_genesis_hide_title":false,"_genesis_hide_breadcrumbs":false,"_genesis_hide_singular_image":false,"_genesis_hide_footer_widgets":false,"_genesis_custom_body_class":"","_genesis_custom_post_class":"","_genesis_layout":"","_jetpack_memberships_contains_paid_content":false,"footnotes":""},"categories":[22],"tags":[],"class_list":{"0":"post-74000","1":"post","2":"type-post","3":"status-publish","4":"format-standard","5":"has-post-thumbnail","7":"category-brasil","8":"entry","9":"gs-1","10":"gs-odd","11":"gs-even","12":"gs-featured-content-entry"},"jetpack_featured_media_url":"https:\/\/www.redenoticia.com.br\/noticia\/imagens\/livro1.jpg","jetpack_sharing_enabled":true,"jetpack_likes_enabled":true,"_links":{"self":[{"href":"https:\/\/www.redenoticia.com.br\/noticia\/wp-json\/wp\/v2\/posts\/74000","targetHints":{"allow":["GET"]}}],"collection":[{"href":"https:\/\/www.redenoticia.com.br\/noticia\/wp-json\/wp\/v2\/posts"}],"about":[{"href":"https:\/\/www.redenoticia.com.br\/noticia\/wp-json\/wp\/v2\/types\/post"}],"author":[{"embeddable":true,"href":"https:\/\/www.redenoticia.com.br\/noticia\/wp-json\/wp\/v2\/users\/2"}],"replies":[{"embeddable":true,"href":"https:\/\/www.redenoticia.com.br\/noticia\/wp-json\/wp\/v2\/comments?post=74000"}],"version-history":[{"count":0,"href":"https:\/\/www.redenoticia.com.br\/noticia\/wp-json\/wp\/v2\/posts\/74000\/revisions"}],"wp:featuredmedia":[{"embeddable":true,"href":"https:\/\/www.redenoticia.com.br\/noticia\/wp-json\/wp\/v2\/media\/34821"}],"wp:attachment":[{"href":"https:\/\/www.redenoticia.com.br\/noticia\/wp-json\/wp\/v2\/media?parent=74000"}],"wp:term":[{"taxonomy":"category","embeddable":true,"href":"https:\/\/www.redenoticia.com.br\/noticia\/wp-json\/wp\/v2\/categories?post=74000"},{"taxonomy":"post_tag","embeddable":true,"href":"https:\/\/www.redenoticia.com.br\/noticia\/wp-json\/wp\/v2\/tags?post=74000"}],"curies":[{"name":"wp","href":"https:\/\/api.w.org\/{rel}","templated":true}]}}