{"id":73998,"date":"2015-08-14T16:34:41","date_gmt":"2015-08-14T19:34:41","guid":{"rendered":"http:\/\/www.redenoticia.com.br\/noticia\/?p=73998"},"modified":"2015-08-14T16:34:41","modified_gmt":"2015-08-14T19:34:41","slug":"inovacao-em-saude-no-estado-de-sao-paulo-e-discutida-em-seminario","status":"publish","type":"post","link":"https:\/\/www.redenoticia.com.br\/noticia\/2015\/inovacao-em-saude-no-estado-de-sao-paulo-e-discutida-em-seminario\/73998","title":{"rendered":"Inova\u00e7\u00e3o em sa\u00fade no Estado de S\u00e3o Paulo \u00e9 discutida em semin\u00e1rio"},"content":{"rendered":"<p> Diego Freire | Ag\u00eancia FAPESP \u2013 A FAPESP participou do Semin\u00e1rio Propostas do Estado de S\u00e3o Paulo para <em><strong>Inovar a Sa\u00fade no Brasil<\/strong><\/em>, realizado pela Investe S\u00e3o Paulo \u2013 Ag\u00eancia Paulista de Promo\u00e7\u00e3o de Investimentos e Competitividade, ligada \u00e0 Secretaria de Desenvolvimento Econ\u00f4mico, Ci\u00eancia, Tecnologia e Inova\u00e7\u00e3o.<\/p>\n<p>O semin\u00e1rio reuniu representantes do poder p\u00fablico e da iniciativa privada, entidades ligadas \u00e0 sa\u00fade e especialistas para discutir o desenvolvimento do setor no Estado e nacionalmente.<\/p>\n<p>\u201cO desenvolvimento de S\u00e3o Paulo tamb\u00e9m \u00e9 o do Brasil. Esse semin\u00e1rio inaugura uma nova forma de proatividade da Investe S\u00e3o Paulo, respons\u00e1vel pela atra\u00e7\u00e3o de investimentos para o Estado, ao reunir representantes de todas as frentes da sa\u00fade e engaj\u00e1-las na busca de novos caminhos para o desenvolvimento desse setor de extrema import\u00e2ncia e com potenciais locais diversos\u201d, disse M\u00e1rcio Fran\u00e7a, vice-governador e secret\u00e1rio de Desenvolvimento Econ\u00f4mico, Ci\u00eancia, Tecnologia e Inova\u00e7\u00e3o.<\/p>\n<p>Parte desse potencial foi apresentada na ocasi\u00e3o por Juan Quir\u00f3s, presidente da Investe S\u00e3o Paulo, que falou de estrat\u00e9gias adotadas pela ag\u00eancia para explor\u00e1-los.<\/p>\n<p>\u201cEntre 2013 e 2014, a ind\u00fastria farmac\u00eautica brasileira cresceu 14%, com faturamento de R$ 64,4 bilh\u00f5es\u201d, ele afirmou, citando dados da norte-americana IMS Health. \u201cNa \u00e1rea da sa\u00fade, o mercado de equipamentos m\u00e9dico-hospitalares \u00e9 o maior da Am\u00e9rica Latina, estimado em R$ 19,6 bilh\u00f5es em 2014, e analistas esperam uma taxa de crescimento de 8,2% ao ano at\u00e9 2019. Tamb\u00e9m o mercado farmac\u00eautico no Brasil deve crescer \u2013 segundo especialistas, entre 7% e 10% ao ano at\u00e9 2020.\u201d<\/p>\n<p>De acordo com Quir\u00f3s, uma das estrat\u00e9gias \u00e9 viabilizar investimentos na cadeia produtiva do setor privado, como o de m\u00e1quinas e equipamentos m\u00e9dicos e hospitalares, servi\u00e7os, insumos e f\u00e1rmacos, contribuindo para consolidar a lideran\u00e7a do Estado no setor.<\/p>\n<p>\u201c\u00c9 preciso cada vez mais identificar e remover os entraves que comprometem a competitividade dessa cadeia, propondo medidas para promover o aumento da produtividade das empresas e melhorar o desempenho exportador dos produtos paulistas.\u201d<\/p>\n<p>Carlos Henrique de Brito Cruz, diretor cient\u00edfico da FAPESP, apontou o investimento no conhecimento cient\u00edfico na \u00e1rea da sa\u00fade como importante estrat\u00e9gia de desenvolvimento do setor.<\/p>\n<p>\u201c\u201cA FAPESP contribuiu para a cria\u00e7\u00e3o de, e ajuda a manter, um sistema de promo\u00e7\u00e3o de conhecimento e de forma\u00e7\u00e3o de pessoas na sa\u00fade que faz do Estado de S\u00e3o Paulo o maior polo cient\u00edfico na \u00e1rea ao sul da Linha do Equador\u201d\u201d, afirmou.<\/p>\n<p>Brito Cruz destacou iniciativas da FAPESP que contribuem com o desenvolvimento desse sistema por meio do apoio \u00e0 inova\u00e7\u00e3o na \u00e1rea da sa\u00fade \u2013 entre elas, o Structural Genomics Consortium (SGC), cujo objetivo \u00e9 acelerar o avan\u00e7o da ci\u00eancia b\u00e1sica para novos f\u00e1rmacos por meio de uma parceria entre academia, governos e ind\u00fastria farmac\u00eautica.<\/p>\n<p>\u201cTrata-se de um programa em associa\u00e7\u00e3o com a University of Toronto, do Canad\u00e1, a University of Oxford, do Reino Unido, a Universidade Estadual de Campinas (Unicamp) e 10 das maiores companhias farmac\u00eauticas do mundo que j\u00e1 ajudaram a descrever a estrutura de mais de 1.500 prote\u00ednas, com implica\u00e7\u00f5es para o desenvolvimento de terapias contra c\u00e2ncer, diabetes, obesidade e transtornos psiqui\u00e1tricos\u201d, contou.<\/p>\n<p>Em 2015, o SGC passou a contar com uma equipe de pesquisadores brasileiros, reunidos no Centro de Biologia e Qu\u00edmica de Prote\u00ednas Quinases, na Unicamp. O grupo tem apoio da FAPESP por meio do programa (PITE).<\/p>\n<p>Tamb\u00e9m mereceram aten\u00e7\u00e3o dois centros de pesquisa financiados pela FAPESP com a Glaxo SmithKline Brasil (GSK), um para produ\u00e7\u00e3o de insumos para a ind\u00fastria farmac\u00eautica com baixa emiss\u00e3o de carbono e outro para descobrir novas mol\u00e9culas que possam ser exploradas com o objetivo de produ\u00e7\u00e3o de f\u00e1rmacos, e o programa (PIPE), voltado para o investimento em inova\u00e7\u00e3o em pequenas empresas.<\/p>\n<p>\u201cCerca de 25% dos investimentos do PIPE t\u00eam rela\u00e7\u00e3o com a \u00e1rea da sa\u00fade. No ano passado foram aprovados, em m\u00e9dia, tr\u00eas projetos por semana, e todo ano s\u00e3o lan\u00e7ados quatro editais para novas solicita\u00e7\u00f5es de investimento\u201d, disse.<\/p>\n<p>Para Quir\u00f3s, os parques tecnol\u00f3gicos tamb\u00e9m t\u00eam papel importante nesse cen\u00e1rio.<\/p>\n<p>\u201c\u00c9 preciso refor\u00e7ar a estrat\u00e9gia de atra\u00e7\u00e3o de novos centros de pesquisa e desenvolvimento em sa\u00fade, promovendo os parques tecnol\u00f3gicos com voca\u00e7\u00e3o no segmento e potencializando seu desenvolvimento via atra\u00e7\u00e3o de investimentos e oportunidades para empresas inovadoras\u201d, afirmou.<\/p>\n<p>S\u00e3o Paulo tem nove parques tecnol\u00f3gicos com atividades ligadas \u00e0 \u00e1rea da sa\u00fade, localizados nos munic\u00edpios de S\u00e3o Jos\u00e9 do Rio Preto, Ribeir\u00e3o Preto, S\u00e3o Carlos, Botucatu, Campinas, S\u00e3o Jos\u00e9 dos Campos e na capital.<\/p>\n<p>Novas oportunidades<\/p>\n<p>Os participantes do semin\u00e1rio trataram tamb\u00e9m das novas oportunidades de avan\u00e7os na sa\u00fade surgidas com a recente abertura do setor ao investimento de capital estrangeiro. Em 20 de janeiro, a Lei 13.097 autorizou os investimentos estrangeiros em diversos setores, como hospitais, cl\u00ednicas e laborat\u00f3rios de an\u00e1lises cl\u00ednicas e diagn\u00f3sticos, entre outros.<\/p>\n<p>\u201cEssa abertura trouxe grandes oportunidades para o setor da sa\u00fade. Com ela, cria-se um novo cen\u00e1rio de fus\u00f5es, aquisi\u00e7\u00f5es e parcerias entre empresas nacionais e estrangeiras e \u00e9 possibilitado o ingresso de novas tecnologias de gest\u00e3o e pr\u00e1ticas oriundas de outros pa\u00edses, por exemplo, em processos, treinamento e recursos humanos\u201d, disse Quir\u00f3s.<\/p>\n<p>Tamb\u00e9m a participa\u00e7\u00e3o das organiza\u00e7\u00f5es sociais (OS) no setor foi alvo de medidas legais no primeiro semestre, lembrou M\u00e1rcio Fran\u00e7a.<\/p>\n<p>\u201cAs OS constituem instrumento essencial para a gest\u00e3o e o controle do sistema de sa\u00fade, conforme reconhecido pelo Supremo Tribunal Federal (STF) em abril. Elas devem tamb\u00e9m cumprir o papel de indutoras de investimentos em gest\u00e3o e inova\u00e7\u00e3o tecnol\u00f3gica aplicada, promovendo a transforma\u00e7\u00e3o da sa\u00fade p\u00fablica.\u201d<\/p>\n<p>\u201cA Investe SP est\u00e1 \u00e0 disposi\u00e7\u00e3o das OS para identificar oportunidades de investimentos que possam contribuir para melhorar seu desempenho\u201d, afirmou Quir\u00f3s.<\/p>\n<p>O presidente da Investe S\u00e3o Paulo ponderou, no entanto, as dificuldades que ainda se imp\u00f5em ao desenvolvimento da \u00e1rea da sa\u00fade, em especial na gest\u00e3o dos servi\u00e7os, como uma defasagem na sua moderniza\u00e7\u00e3o.<\/p>\n<p>\u201cA informatiza\u00e7\u00e3o na sa\u00fade ainda \u00e9 incipiente no pa\u00eds, bastante focada nas \u00e1reas administrativas e financeiras. Devemos avan\u00e7ar mais na estrat\u00e9gia de planejamento e controle. Uma oportunidade \u00e9 o investimento em automa\u00e7\u00e3o nas esferas cl\u00ednica e assistencial, com prescri\u00e7\u00f5es e prontu\u00e1rios eletr\u00f4nicos, entre outras tecnologias. Tamb\u00e9m \u00e9 preciso avan\u00e7ar em sistemas inovadores de gest\u00e3o para controlar metas e resultados.\u201d<\/p>\n","protected":false},"excerpt":{"rendered":"<p>Diego Freire | Ag\u00eancia FAPESP \u2013 A FAPESP participou do Semin\u00e1rio Propostas do Estado de S\u00e3o Paulo para Inovar a Sa\u00fade no Brasil, realizado pela Investe S\u00e3o Paulo \u2013 Ag\u00eancia Paulista de Promo\u00e7\u00e3o de Investimentos e Competitividade, ligada \u00e0 Secretaria de Desenvolvimento Econ\u00f4mico, Ci\u00eancia, Tecnologia e Inova\u00e7\u00e3o. O semin\u00e1rio reuniu representantes do poder p\u00fablico e [&hellip;]<\/p>\n","protected":false},"author":2,"featured_media":35093,"comment_status":"open","ping_status":"closed","sticky":false,"template":"","format":"standard","meta":{"_genesis_hide_title":false,"_genesis_hide_breadcrumbs":false,"_genesis_hide_singular_image":false,"_genesis_hide_footer_widgets":false,"_genesis_custom_body_class":"","_genesis_custom_post_class":"","_genesis_layout":"","_jetpack_memberships_contains_paid_content":false,"footnotes":""},"categories":[22],"tags":[],"class_list":{"0":"post-73998","1":"post","2":"type-post","3":"status-publish","4":"format-standard","5":"has-post-thumbnail","7":"category-brasil","8":"entry","9":"gs-1","10":"gs-odd","11":"gs-even","12":"gs-featured-content-entry"},"jetpack_featured_media_url":"https:\/\/www.redenoticia.com.br\/noticia\/imagens\/saude2.jpg","jetpack_sharing_enabled":true,"jetpack_likes_enabled":true,"_links":{"self":[{"href":"https:\/\/www.redenoticia.com.br\/noticia\/wp-json\/wp\/v2\/posts\/73998","targetHints":{"allow":["GET"]}}],"collection":[{"href":"https:\/\/www.redenoticia.com.br\/noticia\/wp-json\/wp\/v2\/posts"}],"about":[{"href":"https:\/\/www.redenoticia.com.br\/noticia\/wp-json\/wp\/v2\/types\/post"}],"author":[{"embeddable":true,"href":"https:\/\/www.redenoticia.com.br\/noticia\/wp-json\/wp\/v2\/users\/2"}],"replies":[{"embeddable":true,"href":"https:\/\/www.redenoticia.com.br\/noticia\/wp-json\/wp\/v2\/comments?post=73998"}],"version-history":[{"count":0,"href":"https:\/\/www.redenoticia.com.br\/noticia\/wp-json\/wp\/v2\/posts\/73998\/revisions"}],"wp:featuredmedia":[{"embeddable":true,"href":"https:\/\/www.redenoticia.com.br\/noticia\/wp-json\/wp\/v2\/media\/35093"}],"wp:attachment":[{"href":"https:\/\/www.redenoticia.com.br\/noticia\/wp-json\/wp\/v2\/media?parent=73998"}],"wp:term":[{"taxonomy":"category","embeddable":true,"href":"https:\/\/www.redenoticia.com.br\/noticia\/wp-json\/wp\/v2\/categories?post=73998"},{"taxonomy":"post_tag","embeddable":true,"href":"https:\/\/www.redenoticia.com.br\/noticia\/wp-json\/wp\/v2\/tags?post=73998"}],"curies":[{"name":"wp","href":"https:\/\/api.w.org\/{rel}","templated":true}]}}