{"id":73941,"date":"2015-08-13T16:05:54","date_gmt":"2015-08-13T19:05:54","guid":{"rendered":"http:\/\/www.redenoticia.com.br\/noticia\/?p=73941"},"modified":"2015-08-13T16:05:54","modified_gmt":"2015-08-13T19:05:54","slug":"vendas-no-comercio-fecham-junho-com-quinta-taxa-negativa-consecutiva","status":"publish","type":"post","link":"https:\/\/www.redenoticia.com.br\/noticia\/2015\/vendas-no-comercio-fecham-junho-com-quinta-taxa-negativa-consecutiva\/73941","title":{"rendered":"Vendas no com\u00e9rcio fecham junho com quinta taxa negativa consecutiva"},"content":{"rendered":"<p> As <strong><em>vendas do com\u00e9rcio varejista<\/em><\/strong> fecharam o m\u00eas de junho com queda de 0,4%, na compara\u00e7\u00e3o com maio, o quinto resultado negativo consecutivo, na s\u00e9rie livre de influ\u00eancias sazonais. J\u00e1 a receita nominal do setor cresceu 0,8%, entre um m\u00eas e outro, mantendo-se favor\u00e1vel em todas as bases de compara\u00e7\u00f5es.<\/p>\n<p>Os dados da Pesquisa Mensal do Com\u00e9rcio (PMC) foram divulgados pelo Instituto Brasileiro de Geografia e Estat\u00edstica (IBGE) e indicam que o volume de vendas caiu 2,7% na compara\u00e7\u00e3o com o mesmo per\u00edodo do ano passado, 2,2% no acumulado do ano e 0,8% na taxa acumulada nos \u00faltimos 12 meses.<\/p>\n<p>Quanto \u00e0 receita nominal, os n\u00fameros mantiveram-se positivos em todas as bases de compara\u00e7\u00e3o: 4,6% em rela\u00e7\u00e3o a junho do ano passado, 4,2% no acumulado do ano e 5,5% no acumulado dos \u00faltimos 12 meses.<\/p>\n<p>Varejo ampliado<\/p>\n<p>No que diz respeito ao com\u00e9rcio varejista ampliado \u2013 que inclui o varejo e as atividades de ve\u00edculos, motos, partes e pe\u00e7as e material de constru\u00e7\u00e3o \u2013 houve retra\u00e7\u00e3o pelo s\u00e9timo m\u00eas consecutivo, tanto para o volume de vendas entre maio e junho (-0,8%) quanto para a receita nominal (-0,2%).<\/p>\n<p>Em rela\u00e7\u00e3o ao mesmo m\u00eas do ano anterior, a queda foi 3,5% para o volume de vendas, inferior \u00e0s taxas registradas em maio (-10,4%) e em abril (-8,3%). As taxas acumuladas do com\u00e9rcio varejista ampliado indicam recuo de 6,4% no semestre e 4,8% nos \u00faltimos 12 meses.<\/p>\n<p>J\u00e1 a receita nominal de vendas do varejo ampliado mant\u00e9m-se positiva em rela\u00e7\u00e3o a junho de 2014 (3,1%), mas recuou 0,4% no acumulado do ano. No indicador acumulado nos \u00faltimos 12 meses, a taxa variou 1%.<\/p>\n<p>Os n\u00fameros da pesquisa indicam que o recuo de 0,4% de maio para junho na s\u00e9rie dessazonalizada reflete retra\u00e7\u00e3o em sete das dez atividades pesquisadas, o mesmo ocorrendo em rela\u00e7\u00e3o ao recuo de 0,8% nas vendas do com\u00e9rcio varejista ampliado.<\/p>\n<p>Segundo o IBGE, o segmento de maior import\u00e2ncia no com\u00e9rcio varejista, hipermercados, supermercados, produtos aliment\u00edcios, bebidas e fumo permaneceu est\u00e1vel. Os setores que avan\u00e7aram em junho na compara\u00e7\u00e3o com maio s\u00e3o artigos farmac\u00eauticos, m\u00e9dicos, ortop\u00e9dicos, de perfumaria e cosm\u00e9ticos (0,3%) e material de constru\u00e7\u00e3o (5,5%). Esse \u00faltimo segmento interrompeu uma sequ\u00eancia de cinco meses em queda, per\u00edodo em que acumulou perda de 9,4% no volume de vendas.<\/p>\n<p>Do ponto de vista regional, o resultado do varejo foi negativo em 22 das 27 unidades da Federa\u00e7\u00e3o na compara\u00e7\u00e3o com junho de 2014. Houve queda no volume de vendas no Amap\u00e1 (-10,2%), na Para\u00edba (-9,0%), em Alagoas (-8,0%), em Goi\u00e1s (-7,7%) e no Amazonas (-7,6%). Quanto \u00e0 participa\u00e7\u00e3o na composi\u00e7\u00e3o da taxa do com\u00e9rcio varejista, destacaram-se, pela ordem, S\u00e3o Paulo (-2,8%) e Rio de Janeiro (-3,6%).<\/p>\n<p>Quanto ao com\u00e9rcio varejista ampliado, 21 das 27 unidades federativas tiveram taxas de desempenho negativas. As maiores quedas no volume de vendas ocorreram na Para\u00edba (-13,3%), no Amap\u00e1 (-11,1%), em Rond\u00f4nia (-9,8%), em Alagoas (-9,4%) e no Tocantins (-9,2%). Em termos de impacto no resultado, os destaques foram Minas Gerais (-8,6%); S\u00e3o Paulo (-1,5%); Rio Grande do Sul (-6,10%) e Rio de Janeiro (-2,9%).<\/p>\n<p>Nielmar de Oliveira Silva \u2013 Rep\u00f3rter da Ag\u00eancia Brasil<br \/>\nEdi\u00e7\u00e3o: Denise Griesinger<\/p>\n","protected":false},"excerpt":{"rendered":"<p>As vendas do com\u00e9rcio varejista fecharam o m\u00eas de junho com queda de 0,4%, na compara\u00e7\u00e3o com maio, o quinto resultado negativo consecutivo, na s\u00e9rie livre de influ\u00eancias sazonais. J\u00e1 a receita nominal do setor cresceu 0,8%, entre um m\u00eas e outro, mantendo-se favor\u00e1vel em todas as bases de compara\u00e7\u00f5es. Os dados da Pesquisa Mensal [&hellip;]<\/p>\n","protected":false},"author":2,"featured_media":57585,"comment_status":"open","ping_status":"closed","sticky":false,"template":"","format":"standard","meta":{"_genesis_hide_title":false,"_genesis_hide_breadcrumbs":false,"_genesis_hide_singular_image":false,"_genesis_hide_footer_widgets":false,"_genesis_custom_body_class":"","_genesis_custom_post_class":"","_genesis_layout":"","_jetpack_memberships_contains_paid_content":false,"footnotes":""},"categories":[22,7],"tags":[],"class_list":{"0":"post-73941","1":"post","2":"type-post","3":"status-publish","4":"format-standard","5":"has-post-thumbnail","7":"category-brasil","8":"category-economia","9":"entry","10":"gs-1","11":"gs-odd","12":"gs-even","13":"gs-featured-content-entry"},"jetpack_featured_media_url":"https:\/\/www.redenoticia.com.br\/noticia\/imagens\/analise-economia.jpg","jetpack_sharing_enabled":true,"jetpack_likes_enabled":true,"_links":{"self":[{"href":"https:\/\/www.redenoticia.com.br\/noticia\/wp-json\/wp\/v2\/posts\/73941","targetHints":{"allow":["GET"]}}],"collection":[{"href":"https:\/\/www.redenoticia.com.br\/noticia\/wp-json\/wp\/v2\/posts"}],"about":[{"href":"https:\/\/www.redenoticia.com.br\/noticia\/wp-json\/wp\/v2\/types\/post"}],"author":[{"embeddable":true,"href":"https:\/\/www.redenoticia.com.br\/noticia\/wp-json\/wp\/v2\/users\/2"}],"replies":[{"embeddable":true,"href":"https:\/\/www.redenoticia.com.br\/noticia\/wp-json\/wp\/v2\/comments?post=73941"}],"version-history":[{"count":0,"href":"https:\/\/www.redenoticia.com.br\/noticia\/wp-json\/wp\/v2\/posts\/73941\/revisions"}],"wp:featuredmedia":[{"embeddable":true,"href":"https:\/\/www.redenoticia.com.br\/noticia\/wp-json\/wp\/v2\/media\/57585"}],"wp:attachment":[{"href":"https:\/\/www.redenoticia.com.br\/noticia\/wp-json\/wp\/v2\/media?parent=73941"}],"wp:term":[{"taxonomy":"category","embeddable":true,"href":"https:\/\/www.redenoticia.com.br\/noticia\/wp-json\/wp\/v2\/categories?post=73941"},{"taxonomy":"post_tag","embeddable":true,"href":"https:\/\/www.redenoticia.com.br\/noticia\/wp-json\/wp\/v2\/tags?post=73941"}],"curies":[{"name":"wp","href":"https:\/\/api.w.org\/{rel}","templated":true}]}}