{"id":73939,"date":"2015-08-13T16:03:48","date_gmt":"2015-08-13T19:03:48","guid":{"rendered":"http:\/\/www.redenoticia.com.br\/noticia\/?p=73939"},"modified":"2015-08-13T16:03:48","modified_gmt":"2015-08-13T19:03:48","slug":"sindicalistas-e-empresarios-fazem-ato-para-pedir-mudancas-na-politica-economica","status":"publish","type":"post","link":"https:\/\/www.redenoticia.com.br\/noticia\/2015\/sindicalistas-e-empresarios-fazem-ato-para-pedir-mudancas-na-politica-economica\/73939","title":{"rendered":"Sindicalistas e empres\u00e1rios fazem ato para pedir mudan\u00e7as na pol\u00edtica econ\u00f4mica"},"content":{"rendered":"<p> Sindicalistas e empres\u00e1rios promoveram um ato nesta quinta-feira (13) na Avenida Paulista, regi\u00e3o central da capital, para pedir <strong><em>mudan\u00e7as na pol\u00edtica econ\u00f4mica<\/em><\/strong>. Acompanhados de carro de som, com bandeiras e bal\u00f5es, os manifestantes sa\u00edram da Pra\u00e7a Oswaldo Cruz e foram em passeata at\u00e9 o Museu de Arte de S\u00e3o Paulo (Masp). Interrompendo a via no sentido Consola\u00e7\u00e3o, l\u00edderes sindicais e patronais se revezaram ao microfone para criticar, especialmente, as altas taxas de juros.<\/p>\n<p>Segundo o presidente da Associa\u00e7\u00e3o Brasileira de Ind\u00fastria de M\u00e1quinas e Equipamentos (Abimaq), Carlos Pastoriza, a defesa da produ\u00e7\u00e3o nacional de valor agregado une as duas categorias. \u201cN\u00f3s, trabalhadores e empres\u00e1rios, tamb\u00e9m temos as nossas diferen\u00e7as. Em \u00e9poca de negocia\u00e7\u00e3o coletiva, discutimos, brigamos. Faz parte do dia a dia. S\u00f3 que, quando se trata de defender o emprego industrial e a ind\u00fastria, n\u00f3s estamos absolutamente alinhados\u201d, ressaltou.<\/p>\n<p>Pastoriza disse que o ato \u00e9 um \u201cgrito de alerta\u201d sobre os efeitos nocivos dos juros altos e do atual sistema tribut\u00e1rio sobre o parque industrial do pa\u00eds. \u201cN\u00f3s estamos aqui hoje fazendo uma press\u00e3o leg\u00edtima, democr\u00e1tica e apartid\u00e1ria, mas contundente para que sejamos ouvidos, porque Bras\u00edlia n\u00e3o nos escuta: nem o Executivo, nem o Legislativo.\u201d<\/p>\n<p>Segundo o presidente da For\u00e7a Sindical, Miguel Torres, patr\u00f5es e empregados est\u00e3o unidos na busca por uma solu\u00e7\u00e3o para os problemas econ\u00f4micos. \u201cEssa \u00e9 uma unidade de empres\u00e1rios e trabalhadores na tentativa de achar um caminho para a crise. Que o governo mude o eixo da pol\u00edtica econ\u00f4mic, que hoje est\u00e1 centrada no sistema financeiro, no capital especulativo, e venha para a ind\u00fastria\u201d, afirmou.<\/p>\n<p>De acordo com Torres, as dificuldades estruturais t\u00eam prejudicado a produ\u00e7\u00e3o nacional h\u00e1 muito tempo. \u201cA crise est\u00e1 muito grande. J\u00e1 faz 12 anos que os empres\u00e1rios est\u00e3o diminuindo sua participa\u00e7\u00e3o no PIB [Produto Interno Bruto] e os trabalhadores est\u00e3o pagando o pato. As empresas [est\u00e3o] fechando e o desemprego, aumentando\u201d, acrescentou.<\/p>\n<p>Tamb\u00e9m participaram da manifesta\u00e7\u00e3o representantes da Central Geral dos Trabalhadores do Brasil (CGTB) e da Uni\u00e3o Geral dos Trabalhadores (UGT).<\/p>\n<p>Daniel Mello \u2013 Rep\u00f3rter da Ag\u00eancia Brasil<br \/>\nEdi\u00e7\u00e3o: Denise Griesinger<\/p>\n","protected":false},"excerpt":{"rendered":"<p>Sindicalistas e empres\u00e1rios promoveram um ato nesta quinta-feira (13) na Avenida Paulista, regi\u00e3o central da capital, para pedir mudan\u00e7as na pol\u00edtica econ\u00f4mica. Acompanhados de carro de som, com bandeiras e bal\u00f5es, os manifestantes sa\u00edram da Pra\u00e7a Oswaldo Cruz e foram em passeata at\u00e9 o Museu de Arte de S\u00e3o Paulo (Masp). Interrompendo a via no [&hellip;]<\/p>\n","protected":false},"author":2,"featured_media":38938,"comment_status":"open","ping_status":"closed","sticky":false,"template":"","format":"standard","meta":{"_genesis_hide_title":false,"_genesis_hide_breadcrumbs":false,"_genesis_hide_singular_image":false,"_genesis_hide_footer_widgets":false,"_genesis_custom_body_class":"","_genesis_custom_post_class":"","_genesis_layout":"","_jetpack_memberships_contains_paid_content":false,"footnotes":""},"categories":[22,7],"tags":[],"class_list":{"0":"post-73939","1":"post","2":"type-post","3":"status-publish","4":"format-standard","5":"has-post-thumbnail","7":"category-brasil","8":"category-economia","9":"entry","10":"gs-1","11":"gs-odd","12":"gs-even","13":"gs-featured-content-entry"},"jetpack_featured_media_url":"https:\/\/www.redenoticia.com.br\/noticia\/imagens\/economia1.jpg","jetpack_sharing_enabled":true,"jetpack_likes_enabled":true,"_links":{"self":[{"href":"https:\/\/www.redenoticia.com.br\/noticia\/wp-json\/wp\/v2\/posts\/73939","targetHints":{"allow":["GET"]}}],"collection":[{"href":"https:\/\/www.redenoticia.com.br\/noticia\/wp-json\/wp\/v2\/posts"}],"about":[{"href":"https:\/\/www.redenoticia.com.br\/noticia\/wp-json\/wp\/v2\/types\/post"}],"author":[{"embeddable":true,"href":"https:\/\/www.redenoticia.com.br\/noticia\/wp-json\/wp\/v2\/users\/2"}],"replies":[{"embeddable":true,"href":"https:\/\/www.redenoticia.com.br\/noticia\/wp-json\/wp\/v2\/comments?post=73939"}],"version-history":[{"count":0,"href":"https:\/\/www.redenoticia.com.br\/noticia\/wp-json\/wp\/v2\/posts\/73939\/revisions"}],"wp:featuredmedia":[{"embeddable":true,"href":"https:\/\/www.redenoticia.com.br\/noticia\/wp-json\/wp\/v2\/media\/38938"}],"wp:attachment":[{"href":"https:\/\/www.redenoticia.com.br\/noticia\/wp-json\/wp\/v2\/media?parent=73939"}],"wp:term":[{"taxonomy":"category","embeddable":true,"href":"https:\/\/www.redenoticia.com.br\/noticia\/wp-json\/wp\/v2\/categories?post=73939"},{"taxonomy":"post_tag","embeddable":true,"href":"https:\/\/www.redenoticia.com.br\/noticia\/wp-json\/wp\/v2\/tags?post=73939"}],"curies":[{"name":"wp","href":"https:\/\/api.w.org\/{rel}","templated":true}]}}