{"id":73937,"date":"2015-08-13T16:01:44","date_gmt":"2015-08-13T19:01:44","guid":{"rendered":"http:\/\/www.redenoticia.com.br\/noticia\/?p=73937"},"modified":"2015-08-13T16:01:44","modified_gmt":"2015-08-13T19:01:44","slug":"demissoes-na-gm-de-sao-jose-dos-campos","status":"publish","type":"post","link":"https:\/\/www.redenoticia.com.br\/noticia\/2015\/demissoes-na-gm-de-sao-jose-dos-campos\/73937","title":{"rendered":"Demiss\u00f5es na GM de S\u00e3o Jos\u00e9 dos Campos"},"content":{"rendered":"<p> Mais de 500 metal\u00fargicos foram <strong><em>demitidos na f\u00e1brica da General Motors<\/em><\/strong> (GM) em S\u00e3o Jos\u00e9 dos Campos, segundo estimativa do sindicato da categoria, baseada no n\u00famero de trabalhadores que procuraram a entidade para informar a demiss\u00e3o at\u00e9 agora.<\/p>\n<p>A GM n\u00e3o divulga o n\u00famero de dispensas, mas o Sindicato dos Metal\u00fargicos de S\u00e3o Jos\u00e9 dos Campos e Regi\u00e3o informou que deve aumentar, pois empregados da unidade continuam recebendo telegramas de desligamento.<\/p>\n<p>\u201cOs n\u00fameros levantados pelo sindicato confirmam que a General Motors est\u00e1 realizando uma demiss\u00e3o em massa na planta. Isso acontece sem nenhuma tentativa de di\u00e1logo com os trabalhadores, o que \u00e9 inadmiss\u00edvel. Por isso, cobramos a abertura de negocia\u00e7\u00f5es\u201d, declarou, em nota, o presidente do sindicato, Ant\u00f4nio Ferreira de Barros, conhecido como Macap\u00e1.<\/p>\n<p>Os trabalhadores entraram em greve por tempo indeterminado contra as demiss\u00f5es na GM e para pressionar a empresa a abrir negocia\u00e7\u00e3o. De acordo com o sindicato, os cortes representam 10% dos empregados da unidade. \u201c\u00c9 inaceit\u00e1vel, diante de todos os incentivos fiscais recebidos pela montadora. Por isso, cobramos a interven\u00e7\u00e3o dos governos municipal, estadual e federal no sentido de garantir os empregos\u201d, afirmou Macap\u00e1. No total, s\u00e3o 5,2 mil trabalhadores na unidade de S\u00e3o Jos\u00e9 dos Campos, que atuam na produ\u00e7\u00e3o dos modelos S10 e Trailblazer, al\u00e9m de motores, transmiss\u00e3o e kits para exporta\u00e7\u00e3o.<\/p>\n<p> Uma manifesta\u00e7\u00e3o est\u00e1 marcada para esta sexta-feira (14), a partir das 8h, em frente \u00e0 montadora. Os empregados da GM pedem a revers\u00e3o das demiss\u00f5es e estabilidade no emprego.<\/p>\n<p> A GM informou que n\u00e3o divulga o n\u00famero de dispensas e tem procurado evitar demiss\u00f5es recorrendo a f\u00e9rias coletivas, layoffs e programas de desligamento volunt\u00e1rio: \u201cNo entanto, essas medidas n\u00e3o foram suficientes diante da expressiva redu\u00e7\u00e3o da demanda no mercado brasileiro, que registra queda em torno de 30% desde janeiro do ano passado\u201d. Para a empresa, \u201ca paralisa\u00e7\u00e3o da opera\u00e7\u00e3o da f\u00e1brica s\u00f3 contribui para agravar a s\u00e9ria crise que afeta hoje a GM e a ind\u00fastria automotiva\u201d.<\/p>\n<p>Ainda segundo a nota da GM, cujo texto \u00e9 o mesmo da enviada no primeiro dia da greve (10), os desligamentos visam a adequar o quadro da empresa \u00e0 realidade do mercado, com o prop\u00f3sito de resgatar a competitividade e viabilidade do neg\u00f3cio. A montadora diz que lamenta a greve e que se mant\u00e9m dispon\u00edvel para dialogar e encontrar alternativas para manter a unidade competitiva em um contexto de grande transforma\u00e7\u00e3o no mercado brasileiro.<\/p>\n<p>Camila Maciel &#8211; Rep\u00f3rter da Ag\u00eancia Brasil<br \/>\nEdi\u00e7\u00e3o: Jorge Wamburg<\/p>\n","protected":false},"excerpt":{"rendered":"<p>Mais de 500 metal\u00fargicos foram demitidos na f\u00e1brica da General Motors (GM) em S\u00e3o Jos\u00e9 dos Campos, segundo estimativa do sindicato da categoria, baseada no n\u00famero de trabalhadores que procuraram a entidade para informar a demiss\u00e3o at\u00e9 agora. A GM n\u00e3o divulga o n\u00famero de dispensas, mas o Sindicato dos Metal\u00fargicos de S\u00e3o Jos\u00e9 dos [&hellip;]<\/p>\n","protected":false},"author":2,"featured_media":57584,"comment_status":"open","ping_status":"closed","sticky":false,"template":"","format":"standard","meta":{"_genesis_hide_title":false,"_genesis_hide_breadcrumbs":false,"_genesis_hide_singular_image":false,"_genesis_hide_footer_widgets":false,"_genesis_custom_body_class":"","_genesis_custom_post_class":"","_genesis_layout":"","_jetpack_memberships_contains_paid_content":false,"footnotes":""},"categories":[22,7],"tags":[],"class_list":{"0":"post-73937","1":"post","2":"type-post","3":"status-publish","4":"format-standard","5":"has-post-thumbnail","7":"category-brasil","8":"category-economia","9":"entry","10":"gs-1","11":"gs-odd","12":"gs-even","13":"gs-featured-content-entry"},"jetpack_featured_media_url":"https:\/\/www.redenoticia.com.br\/noticia\/imagens\/economia-grafica-analise-inflacao.jpg","jetpack_sharing_enabled":true,"jetpack_likes_enabled":true,"_links":{"self":[{"href":"https:\/\/www.redenoticia.com.br\/noticia\/wp-json\/wp\/v2\/posts\/73937","targetHints":{"allow":["GET"]}}],"collection":[{"href":"https:\/\/www.redenoticia.com.br\/noticia\/wp-json\/wp\/v2\/posts"}],"about":[{"href":"https:\/\/www.redenoticia.com.br\/noticia\/wp-json\/wp\/v2\/types\/post"}],"author":[{"embeddable":true,"href":"https:\/\/www.redenoticia.com.br\/noticia\/wp-json\/wp\/v2\/users\/2"}],"replies":[{"embeddable":true,"href":"https:\/\/www.redenoticia.com.br\/noticia\/wp-json\/wp\/v2\/comments?post=73937"}],"version-history":[{"count":0,"href":"https:\/\/www.redenoticia.com.br\/noticia\/wp-json\/wp\/v2\/posts\/73937\/revisions"}],"wp:featuredmedia":[{"embeddable":true,"href":"https:\/\/www.redenoticia.com.br\/noticia\/wp-json\/wp\/v2\/media\/57584"}],"wp:attachment":[{"href":"https:\/\/www.redenoticia.com.br\/noticia\/wp-json\/wp\/v2\/media?parent=73937"}],"wp:term":[{"taxonomy":"category","embeddable":true,"href":"https:\/\/www.redenoticia.com.br\/noticia\/wp-json\/wp\/v2\/categories?post=73937"},{"taxonomy":"post_tag","embeddable":true,"href":"https:\/\/www.redenoticia.com.br\/noticia\/wp-json\/wp\/v2\/tags?post=73937"}],"curies":[{"name":"wp","href":"https:\/\/api.w.org\/{rel}","templated":true}]}}