{"id":73933,"date":"2015-08-13T15:55:40","date_gmt":"2015-08-13T18:55:40","guid":{"rendered":"http:\/\/www.redenoticia.com.br\/noticia\/?p=73933"},"modified":"2015-08-13T15:55:40","modified_gmt":"2015-08-13T18:55:40","slug":"biblioteca-virtual-sp-chega-aos-18-anos-e-ganha-novo-site","status":"publish","type":"post","link":"https:\/\/www.redenoticia.com.br\/noticia\/2015\/biblioteca-virtual-sp-chega-aos-18-anos-e-ganha-novo-site\/73933","title":{"rendered":"Biblioteca Virtual SP chega aos 18 anos e ganha novo site"},"content":{"rendered":"<p> Criada em agosto de 1997, a <strong><em>Biblioteca Virtual<\/em><\/strong> do Estado de S\u00e3o Paulo chega \u00e0 maioridade de cara nova. O site () foi totalmente reformulado e ganhou um formato moderno e responsivo, com informa\u00e7\u00f5es atualizadas e temas voltados para atender a necessidade do cidad\u00e3o.<\/p>\n<p>As redes sociais continuam sendo utilizadas para compartilhar novos conhecimentos e pesquisas. O conte\u00fado segue voltado para o que o cidad\u00e3o mais precisa e procura: diretos do consumidor, servi\u00e7os, cultura, lazer, emiss\u00e3o de documentos, educa\u00e7\u00e3o, emprego, justi\u00e7a, legisla\u00e7\u00e3o, pessoa com defici\u00eancia, transportes, entre outros temas importantes que a tornam um banco de dados para os servidores estaduais e a popula\u00e7\u00e3o em geral.<\/p>\n<p>A Biblioteca Virtual tamb\u00e9m \u00e9 respons\u00e1vel pelo gerenciamento das mensagens do Fale Conosco do Portal do Governo do Estado e por outros sites &#8220;sp.gov&#8221;. Todas as mensagens s\u00e3o lidas, analisadas e encaminhadas para as equipes das secretarias, \u00f3rg\u00e3os e departamentos que s\u00e3o respons\u00e1veis pelo atendimento e resposta ao cidad\u00e3o.<\/p>\n<p>O principal objetivo da Biblioteca Virtual \u00e9 facilitar o acesso \u00e0s informa\u00e7\u00f5es sobre a administra\u00e7\u00e3o p\u00fablica do estado de S\u00e3o Paulo, os servi\u00e7os p\u00fablicos e conte\u00fados de interesse da popula\u00e7\u00e3o, por meio das tecnologias de informa\u00e7\u00e3o e comunica\u00e7\u00e3o, em especial da internet.<\/p>\n<p>Do Portal do Governo do Estado SP<\/p>\n","protected":false},"excerpt":{"rendered":"<p>Criada em agosto de 1997, a Biblioteca Virtual do Estado de S\u00e3o Paulo chega \u00e0 maioridade de cara nova. O site () foi totalmente reformulado e ganhou um formato moderno e responsivo, com informa\u00e7\u00f5es atualizadas e temas voltados para atender a necessidade do cidad\u00e3o. As redes sociais continuam sendo utilizadas para compartilhar novos conhecimentos e [&hellip;]<\/p>\n","protected":false},"author":2,"featured_media":57577,"comment_status":"open","ping_status":"closed","sticky":false,"template":"","format":"standard","meta":{"_genesis_hide_title":false,"_genesis_hide_breadcrumbs":false,"_genesis_hide_singular_image":false,"_genesis_hide_footer_widgets":false,"_genesis_custom_body_class":"","_genesis_custom_post_class":"","_genesis_layout":"","_jetpack_memberships_contains_paid_content":false,"footnotes":""},"categories":[22],"tags":[],"class_list":{"0":"post-73933","1":"post","2":"type-post","3":"status-publish","4":"format-standard","5":"has-post-thumbnail","7":"category-brasil","8":"entry","9":"gs-1","10":"gs-odd","11":"gs-even","12":"gs-featured-content-entry"},"jetpack_featured_media_url":"https:\/\/www.redenoticia.com.br\/noticia\/imagens\/tecnologia-inscricao.jpg","jetpack_sharing_enabled":true,"jetpack_likes_enabled":true,"_links":{"self":[{"href":"https:\/\/www.redenoticia.com.br\/noticia\/wp-json\/wp\/v2\/posts\/73933","targetHints":{"allow":["GET"]}}],"collection":[{"href":"https:\/\/www.redenoticia.com.br\/noticia\/wp-json\/wp\/v2\/posts"}],"about":[{"href":"https:\/\/www.redenoticia.com.br\/noticia\/wp-json\/wp\/v2\/types\/post"}],"author":[{"embeddable":true,"href":"https:\/\/www.redenoticia.com.br\/noticia\/wp-json\/wp\/v2\/users\/2"}],"replies":[{"embeddable":true,"href":"https:\/\/www.redenoticia.com.br\/noticia\/wp-json\/wp\/v2\/comments?post=73933"}],"version-history":[{"count":0,"href":"https:\/\/www.redenoticia.com.br\/noticia\/wp-json\/wp\/v2\/posts\/73933\/revisions"}],"wp:featuredmedia":[{"embeddable":true,"href":"https:\/\/www.redenoticia.com.br\/noticia\/wp-json\/wp\/v2\/media\/57577"}],"wp:attachment":[{"href":"https:\/\/www.redenoticia.com.br\/noticia\/wp-json\/wp\/v2\/media?parent=73933"}],"wp:term":[{"taxonomy":"category","embeddable":true,"href":"https:\/\/www.redenoticia.com.br\/noticia\/wp-json\/wp\/v2\/categories?post=73933"},{"taxonomy":"post_tag","embeddable":true,"href":"https:\/\/www.redenoticia.com.br\/noticia\/wp-json\/wp\/v2\/tags?post=73933"}],"curies":[{"name":"wp","href":"https:\/\/api.w.org\/{rel}","templated":true}]}}