{"id":73898,"date":"2015-08-12T10:14:51","date_gmt":"2015-08-12T13:14:51","guid":{"rendered":"http:\/\/www.redenoticia.com.br\/noticia\/?p=73898"},"modified":"2015-08-12T10:14:51","modified_gmt":"2015-08-12T13:14:51","slug":"producao-de-motos-cai-13-em-julho-e-252-em-um-ano-dizem-fabricantes","status":"publish","type":"post","link":"https:\/\/www.redenoticia.com.br\/noticia\/2015\/producao-de-motos-cai-13-em-julho-e-252-em-um-ano-dizem-fabricantes\/73898","title":{"rendered":"Produ\u00e7\u00e3o de motos cai 13% em julho e 25,2% em um ano, dizem fabricantes"},"content":{"rendered":"<p> A <strong><em>produ\u00e7\u00e3o nacional de motocicletas<\/em><\/strong> registrou queda de 13% em julho, na compara\u00e7\u00e3o a junho, e de 25,2% em rela\u00e7\u00e3o ao mesmo m\u00eas do ano passado. No acumulado do ano, de janeiro a julho, a produ\u00e7\u00e3o de motocicletas somou 799.981 unidades, um recuo de 12% em compara\u00e7\u00e3o ao mesmo per\u00edodo do ano passado.<\/p>\n<p>Os dados foram divulgados pela Associa\u00e7\u00e3o Brasileira dos Fabricantes de Motocicletas, Ciclomotores, Motonetas, Bicicletas e Similares (Abraciclo). Com 101.721 unidades produzidas em julho \u00faltimo, as vendas de motocicletas no atacado [para concession\u00e1rias] nos sete primeiros meses do ano somaram 752.747 unidades, volume 9,3% inferior ao acumulado de 2014. Considerando-se apenas julho, houve queda de 7,3% na rela\u00e7\u00e3o com junho e de 17,1% na rela\u00e7\u00e3o a julho de 2014, com a comercializa\u00e7\u00e3o de 93.654 unidades.<\/p>\n<p>No varejo, as vendas tiveram queda de 10,6% no acumulado do ano, somando 749.441 unidades vendidas. Em julho, houve avan\u00e7o de 6,6% em rela\u00e7\u00e3o a junho e queda de 11% na rela\u00e7\u00e3o com julho do ano anterior, totalizando 107.741 unidades comercializadas.<\/p>\n<p>Apesar da queda, o setor acredita que o mercado poder\u00e1 crescer nos pr\u00f3ximos meses. \u201cAs f\u00e9rias coletivas nas f\u00e1bricas, localizadas no P\u00f3lo Industrial de Manaus, al\u00e9m das incertezas do contexto macroecon\u00f4mico nacional presentes no in\u00edcio do segundo semestre, incluindo crescimento da infla\u00e7\u00e3o, risco \u00e0 empregabilidade e baixa oferta de cr\u00e9dito para aquisi\u00e7\u00e3o de ve\u00edculos, s\u00e3o os principais fatores impactantes para este cen\u00e1rio do setor. Mesmo assim, as montadoras permanecem confiantes e, inclusive, realizam lan\u00e7amentos de novos produtos. Acreditamos que o Sal\u00e3o Duas Rodas, a ser realizado de 7 a 12 de outubro, no Anhembi, em S\u00e3o Paulo (SP), trar\u00e1 v\u00e1rios atrativos aos consumidores, podendo impulsionar o mercado de motocicletas\u201d, disse Marcos Fermanian, presidente da Abraciclo.<\/p>\n<p>As exporta\u00e7\u00f5es do setor totalizaram 26.815 unidades entre janeiro e julho deste ano, um recuo de 49,3% em rela\u00e7\u00e3o ao ano passado. Em julho, no entanto, houve alta de 56,6% nas exporta\u00e7\u00f5es em compara\u00e7\u00e3o a junho, com 8.574 unidades.<\/p>\n<p>Elaine Patricia Cruz &#8211; Rep\u00f3rter da Ag\u00eancia Brasil<br \/>\nEdi\u00e7\u00e3o: Jorge Wamburg<\/p>\n","protected":false},"excerpt":{"rendered":"<p>A produ\u00e7\u00e3o nacional de motocicletas registrou queda de 13% em julho, na compara\u00e7\u00e3o a junho, e de 25,2% em rela\u00e7\u00e3o ao mesmo m\u00eas do ano passado. No acumulado do ano, de janeiro a julho, a produ\u00e7\u00e3o de motocicletas somou 799.981 unidades, um recuo de 12% em compara\u00e7\u00e3o ao mesmo per\u00edodo do ano passado. Os dados [&hellip;]<\/p>\n","protected":false},"author":2,"featured_media":57583,"comment_status":"open","ping_status":"closed","sticky":false,"template":"","format":"standard","meta":{"_genesis_hide_title":false,"_genesis_hide_breadcrumbs":false,"_genesis_hide_singular_image":false,"_genesis_hide_footer_widgets":false,"_genesis_custom_body_class":"","_genesis_custom_post_class":"","_genesis_layout":"","_jetpack_memberships_contains_paid_content":false,"footnotes":""},"categories":[22,7],"tags":[],"class_list":{"0":"post-73898","1":"post","2":"type-post","3":"status-publish","4":"format-standard","5":"has-post-thumbnail","7":"category-brasil","8":"category-economia","9":"entry","10":"gs-1","11":"gs-odd","12":"gs-even","13":"gs-featured-content-entry"},"jetpack_featured_media_url":"https:\/\/www.redenoticia.com.br\/noticia\/imagens\/economia-grafico.jpg","jetpack_sharing_enabled":true,"jetpack_likes_enabled":true,"_links":{"self":[{"href":"https:\/\/www.redenoticia.com.br\/noticia\/wp-json\/wp\/v2\/posts\/73898","targetHints":{"allow":["GET"]}}],"collection":[{"href":"https:\/\/www.redenoticia.com.br\/noticia\/wp-json\/wp\/v2\/posts"}],"about":[{"href":"https:\/\/www.redenoticia.com.br\/noticia\/wp-json\/wp\/v2\/types\/post"}],"author":[{"embeddable":true,"href":"https:\/\/www.redenoticia.com.br\/noticia\/wp-json\/wp\/v2\/users\/2"}],"replies":[{"embeddable":true,"href":"https:\/\/www.redenoticia.com.br\/noticia\/wp-json\/wp\/v2\/comments?post=73898"}],"version-history":[{"count":0,"href":"https:\/\/www.redenoticia.com.br\/noticia\/wp-json\/wp\/v2\/posts\/73898\/revisions"}],"wp:featuredmedia":[{"embeddable":true,"href":"https:\/\/www.redenoticia.com.br\/noticia\/wp-json\/wp\/v2\/media\/57583"}],"wp:attachment":[{"href":"https:\/\/www.redenoticia.com.br\/noticia\/wp-json\/wp\/v2\/media?parent=73898"}],"wp:term":[{"taxonomy":"category","embeddable":true,"href":"https:\/\/www.redenoticia.com.br\/noticia\/wp-json\/wp\/v2\/categories?post=73898"},{"taxonomy":"post_tag","embeddable":true,"href":"https:\/\/www.redenoticia.com.br\/noticia\/wp-json\/wp\/v2\/tags?post=73898"}],"curies":[{"name":"wp","href":"https:\/\/api.w.org\/{rel}","templated":true}]}}