{"id":73894,"date":"2015-08-12T10:09:39","date_gmt":"2015-08-12T13:09:39","guid":{"rendered":"http:\/\/www.redenoticia.com.br\/noticia\/?p=73894"},"modified":"2015-08-12T10:10:22","modified_gmt":"2015-08-12T13:10:22","slug":"um-em-cada-quatro-brasileiros-desconhece-que-paga-impostos-no-dia-a-dia","status":"publish","type":"post","link":"https:\/\/www.redenoticia.com.br\/noticia\/2015\/um-em-cada-quatro-brasileiros-desconhece-que-paga-impostos-no-dia-a-dia\/73894","title":{"rendered":"Um em cada quatro brasileiros desconhece que paga impostos no dia a dia"},"content":{"rendered":"<p> Pesquisa com 1.200 pessoas de 72 munic\u00edpios do pa\u00eds constatou que 25% dos consultados \u2013 um em cada quatro &#8211; ignoram que pagam <strong><em>impostos<\/em><\/strong> no seu dia a dia, contra 73% que sabem estar pagando algum tipo de imposto.<\/p>\n<p>\u201cSurpreendentemente, n\u00f3s ainda temos um em cada quatro brasileiros que afirma n\u00e3o pagar impostos no dia a dia. \u00c9 uma parcela minorit\u00e1ria, que associa imposto apenas a Imposto Predial e Territorial Urbano (IPTU), Imposto de Renda (IR) ou Imposto sobre a Propriedade de Ve\u00edculos Automotores (IPVA). Ele deduz que, por n\u00e3o pagar esses impostos, acaba esquecendo do imposto indireto\u201d, diz o economista Christian Travassos, da Federa\u00e7\u00e3o do Com\u00e9rcio do Estado do Rio de Janeiro (Fecom\u00e9rcio-RJ), autora da pesquisa em parceria com o Instituto Ipsos.<\/p>\n<p>Ao serem formuladas novas perguntas, relativas \u00e0 incid\u00eancia de impostos no momento do consumo, a percep\u00e7\u00e3o se amplia dos 73% que dizem pagar para at\u00e9 96%, no caso de impostos embutidos em alimentos e em energia, por exemplo. Com base no resultado apurado, Christian Travassos destacou a necessidade de se \u201clan\u00e7ar luz\u201d sobre o tema, mesmo sendo uma minoria que desconhece pagar impostos indiretos.<\/p>\n<p>Dentre os 73% que afirmam pagar algum tipo de imposto, 69% destacaram impostos municipais, como IPTU e taxas de ilumina\u00e7\u00e3o e de lixo; 54% citaram impostos indiretos sobre servi\u00e7os e produtos; 39% salientaram impostos estaduais; e 17% lembraram dos impostos federais, como o Imposto de Renda.<\/p>\n<p>Os entrevistados admitiram tamb\u00e9m pagar impostos sobre telefonia, vestu\u00e1rio e higiene (93% cada), produtos de sa\u00fade (90%), servi\u00e7os banc\u00e1rios e servi\u00e7os pessoais (89% cada) e combust\u00edvel (86%). A incid\u00eancia de impostos em habita\u00e7\u00e3o foi reconhecida por 86% dos consultados. Esse foi o \u00fanico segmento em que houve queda nas respostas.<\/p>\n<p>Alana Gandra &#8211; Rep\u00f3rter da Ag\u00eancia Brasil<br \/>\nEdi\u00e7\u00e3o: Jorge Wamburg<\/p>\n","protected":false},"excerpt":{"rendered":"<p>Pesquisa com 1.200 pessoas de 72 munic\u00edpios do pa\u00eds constatou que 25% dos consultados \u2013 um em cada quatro &#8211; ignoram que pagam impostos no seu dia a dia, contra 73% que sabem estar pagando algum tipo de imposto. \u201cSurpreendentemente, n\u00f3s ainda temos um em cada quatro brasileiros que afirma n\u00e3o pagar impostos no dia [&hellip;]<\/p>\n","protected":false},"author":2,"featured_media":40734,"comment_status":"open","ping_status":"closed","sticky":false,"template":"","format":"standard","meta":{"_genesis_hide_title":false,"_genesis_hide_breadcrumbs":false,"_genesis_hide_singular_image":false,"_genesis_hide_footer_widgets":false,"_genesis_custom_body_class":"","_genesis_custom_post_class":"","_genesis_layout":"","_jetpack_memberships_contains_paid_content":false,"footnotes":""},"categories":[22],"tags":[],"class_list":{"0":"post-73894","1":"post","2":"type-post","3":"status-publish","4":"format-standard","5":"has-post-thumbnail","7":"category-brasil","8":"entry","9":"gs-1","10":"gs-odd","11":"gs-even","12":"gs-featured-content-entry"},"jetpack_featured_media_url":"https:\/\/www.redenoticia.com.br\/noticia\/imagens\/economia-resultados.jpg","jetpack_sharing_enabled":true,"jetpack_likes_enabled":true,"_links":{"self":[{"href":"https:\/\/www.redenoticia.com.br\/noticia\/wp-json\/wp\/v2\/posts\/73894","targetHints":{"allow":["GET"]}}],"collection":[{"href":"https:\/\/www.redenoticia.com.br\/noticia\/wp-json\/wp\/v2\/posts"}],"about":[{"href":"https:\/\/www.redenoticia.com.br\/noticia\/wp-json\/wp\/v2\/types\/post"}],"author":[{"embeddable":true,"href":"https:\/\/www.redenoticia.com.br\/noticia\/wp-json\/wp\/v2\/users\/2"}],"replies":[{"embeddable":true,"href":"https:\/\/www.redenoticia.com.br\/noticia\/wp-json\/wp\/v2\/comments?post=73894"}],"version-history":[{"count":0,"href":"https:\/\/www.redenoticia.com.br\/noticia\/wp-json\/wp\/v2\/posts\/73894\/revisions"}],"wp:featuredmedia":[{"embeddable":true,"href":"https:\/\/www.redenoticia.com.br\/noticia\/wp-json\/wp\/v2\/media\/40734"}],"wp:attachment":[{"href":"https:\/\/www.redenoticia.com.br\/noticia\/wp-json\/wp\/v2\/media?parent=73894"}],"wp:term":[{"taxonomy":"category","embeddable":true,"href":"https:\/\/www.redenoticia.com.br\/noticia\/wp-json\/wp\/v2\/categories?post=73894"},{"taxonomy":"post_tag","embeddable":true,"href":"https:\/\/www.redenoticia.com.br\/noticia\/wp-json\/wp\/v2\/tags?post=73894"}],"curies":[{"name":"wp","href":"https:\/\/api.w.org\/{rel}","templated":true}]}}