{"id":73892,"date":"2015-08-12T10:07:42","date_gmt":"2015-08-12T13:07:42","guid":{"rendered":"http:\/\/www.redenoticia.com.br\/noticia\/?p=73892"},"modified":"2015-08-12T10:07:42","modified_gmt":"2015-08-12T13:07:42","slug":"plataforma-colaborativa-conecta-jovens-em-projetos-culturais","status":"publish","type":"post","link":"https:\/\/www.redenoticia.com.br\/noticia\/2015\/plataforma-colaborativa-conecta-jovens-em-projetos-culturais\/73892","title":{"rendered":"Plataforma colaborativa conecta jovens em projetos culturais"},"content":{"rendered":"<p>Uma plataforma on-line para auxiliar gratuitamente pessoas interessadas em encontrar parceiros para realiza\u00e7\u00e3o de projetos colaborativos nas \u00e1reas de <strong><em>produ\u00e7\u00e3o cultural<\/em><\/strong> e design promete ajudar muitos jovens paulistas. A ferramenta foi criada por um grupo de alunos do curso t\u00e9cnico de Multim\u00eddia da Etec (Escola T\u00e9cnica Estadual) Jornalista Roberto Marinho, na Capital.<\/p>\n<p>Batizado como Crowd Plataforma Colaborativa, o sistema est\u00e1 dispon\u00edvel no endere\u00e7o\u00a0\u00a0e possibilita inscrever um projeto ou navegar pelas iniciativas existentes e verificar qual \u00e9 o tipo de parceria que os autores das propostas necessitam. O interessado em colaborar pode entrar em contato diretamente com o respons\u00e1vel pelo an\u00fancio para atuarem em conjunto.<\/p>\n<p>A plataforma foi criada pelos alunos Danilo Borges, Gabriela Melo, Jonathan Pereira, Leticia Tavares, Raphael Silva e Tha\u00eds Cristina, sob orienta\u00e7\u00e3o do professor Danilo Santos, a partir do conceito de &#8220;crowdsourcing&#8221; &#8211; atividade on-line participativa que estimula volunt\u00e1rios na realiza\u00e7\u00e3o de tarefas variadas, como desenvolvimento de tecnologias, produtos, servi\u00e7os e conte\u00fados.<\/p>\n<p>Do Portal do Governo do Estado SP<\/p>\n","protected":false},"excerpt":{"rendered":"<p>Uma plataforma on-line para auxiliar gratuitamente pessoas interessadas em encontrar parceiros para realiza\u00e7\u00e3o de projetos colaborativos nas \u00e1reas de produ\u00e7\u00e3o cultural e design promete ajudar muitos jovens paulistas. A ferramenta foi criada por um grupo de alunos do curso t\u00e9cnico de Multim\u00eddia da Etec (Escola T\u00e9cnica Estadual) Jornalista Roberto Marinho, na Capital. Batizado como Crowd [&hellip;]<\/p>\n","protected":false},"author":2,"featured_media":57577,"comment_status":"open","ping_status":"closed","sticky":false,"template":"","format":"standard","meta":{"_genesis_hide_title":false,"_genesis_hide_breadcrumbs":false,"_genesis_hide_singular_image":false,"_genesis_hide_footer_widgets":false,"_genesis_custom_body_class":"","_genesis_custom_post_class":"","_genesis_layout":"","_jetpack_memberships_contains_paid_content":false,"footnotes":""},"categories":[22],"tags":[],"class_list":{"0":"post-73892","1":"post","2":"type-post","3":"status-publish","4":"format-standard","5":"has-post-thumbnail","7":"category-brasil","8":"entry","9":"gs-1","10":"gs-odd","11":"gs-even","12":"gs-featured-content-entry"},"jetpack_featured_media_url":"https:\/\/www.redenoticia.com.br\/noticia\/imagens\/tecnologia-inscricao.jpg","jetpack_sharing_enabled":true,"jetpack_likes_enabled":true,"_links":{"self":[{"href":"https:\/\/www.redenoticia.com.br\/noticia\/wp-json\/wp\/v2\/posts\/73892","targetHints":{"allow":["GET"]}}],"collection":[{"href":"https:\/\/www.redenoticia.com.br\/noticia\/wp-json\/wp\/v2\/posts"}],"about":[{"href":"https:\/\/www.redenoticia.com.br\/noticia\/wp-json\/wp\/v2\/types\/post"}],"author":[{"embeddable":true,"href":"https:\/\/www.redenoticia.com.br\/noticia\/wp-json\/wp\/v2\/users\/2"}],"replies":[{"embeddable":true,"href":"https:\/\/www.redenoticia.com.br\/noticia\/wp-json\/wp\/v2\/comments?post=73892"}],"version-history":[{"count":0,"href":"https:\/\/www.redenoticia.com.br\/noticia\/wp-json\/wp\/v2\/posts\/73892\/revisions"}],"wp:featuredmedia":[{"embeddable":true,"href":"https:\/\/www.redenoticia.com.br\/noticia\/wp-json\/wp\/v2\/media\/57577"}],"wp:attachment":[{"href":"https:\/\/www.redenoticia.com.br\/noticia\/wp-json\/wp\/v2\/media?parent=73892"}],"wp:term":[{"taxonomy":"category","embeddable":true,"href":"https:\/\/www.redenoticia.com.br\/noticia\/wp-json\/wp\/v2\/categories?post=73892"},{"taxonomy":"post_tag","embeddable":true,"href":"https:\/\/www.redenoticia.com.br\/noticia\/wp-json\/wp\/v2\/tags?post=73892"}],"curies":[{"name":"wp","href":"https:\/\/api.w.org\/{rel}","templated":true}]}}