{"id":73845,"date":"2015-08-11T11:51:49","date_gmt":"2015-08-11T14:51:49","guid":{"rendered":"http:\/\/www.redenoticia.com.br\/noticia\/?p=73845"},"modified":"2015-08-11T11:51:49","modified_gmt":"2015-08-11T14:51:49","slug":"receita-disponibiliza-programa-para-preenchimento-do-itr","status":"publish","type":"post","link":"https:\/\/www.redenoticia.com.br\/noticia\/2015\/receita-disponibiliza-programa-para-preenchimento-do-itr\/73845","title":{"rendered":"Receita disponibiliza programa para preenchimento do ITR"},"content":{"rendered":"<p>A Receita Federal vai disponibilizar, a partir de 17 de agosto, o programa para preenchimento da <em><strong>Declara\u00e7\u00e3o do Imposto sobre a Propriedade Territorial Rural<\/strong><\/em> (ITR) do exerc\u00edcio de 2015, para uso em computador que tenha o ITR 2015 \u2013 denominado m\u00e1quina virtual \u2013 Java (JVM). A portaria foi publicada no Di\u00e1rio Oficial da Uni\u00e3o,<\/p>\n<p>O programa ITR 2015 tem tr\u00eas vers\u00f5es com instaladores espec\u00edficos, compat\u00edveis com os sistemas operacionais Windows, Linux e Mac OS X. O programa estar\u00e1 dispon\u00edvel, na internet, para reprodu\u00e7\u00e3o livre no site da Receita Federal.<\/p>\n<p>A m\u00e1quina virtual simula uma m\u00e1quina f\u00edsica e consegue executar v\u00e1rios programas no computador. Os programas funcionam \u2013 em sua maioria &#8211; independentemente do sistema operacional onde est\u00e3o instalados.<\/p>\n<p>Declaram o , entre outros contribuintes, o propriet\u00e1rio da terra, o titular do dom\u00ednio \u00fatil (titular do direito de uso da propriedade) ou o possuidor de qualquer t\u00edtulo rural. O prazo para a entrega da declara\u00e7\u00e3o, informou o Supervisor da Receita Federal, Joaquim Adir, come\u00e7a no dia 17 de agosto e vai at\u00e9 30 de setembro.<\/p>\n<p>Para transmitir a declara\u00e7\u00e3o gerada pelo programa ITR 2015, o contribuinte dever\u00e1 utilizar o programa de transmiss\u00e3o .<\/p>\n<p>Daniel Lima \u2013 Rep\u00f3rter da Ag\u00eancia Brasil<br \/>\nEdi\u00e7\u00e3o: Jos\u00e9 Romildo<\/p>\n","protected":false},"excerpt":{"rendered":"<p>A Receita Federal vai disponibilizar, a partir de 17 de agosto, o programa para preenchimento da Declara\u00e7\u00e3o do Imposto sobre a Propriedade Territorial Rural (ITR) do exerc\u00edcio de 2015, para uso em computador que tenha o ITR 2015 \u2013 denominado m\u00e1quina virtual \u2013 Java (JVM). A portaria foi publicada no Di\u00e1rio Oficial da Uni\u00e3o, O [&hellip;]<\/p>\n","protected":false},"author":2,"featured_media":23889,"comment_status":"open","ping_status":"closed","sticky":false,"template":"","format":"standard","meta":{"_genesis_hide_title":false,"_genesis_hide_breadcrumbs":false,"_genesis_hide_singular_image":false,"_genesis_hide_footer_widgets":false,"_genesis_custom_body_class":"","_genesis_custom_post_class":"","_genesis_layout":"","_jetpack_memberships_contains_paid_content":false,"footnotes":""},"categories":[22],"tags":[],"class_list":{"0":"post-73845","1":"post","2":"type-post","3":"status-publish","4":"format-standard","5":"has-post-thumbnail","7":"category-brasil","8":"entry","9":"gs-1","10":"gs-odd","11":"gs-even","12":"gs-featured-content-entry"},"jetpack_featured_media_url":"https:\/\/www.redenoticia.com.br\/noticia\/imagens\/receita-federal-irpf-2010.jpg","jetpack_sharing_enabled":true,"jetpack_likes_enabled":true,"_links":{"self":[{"href":"https:\/\/www.redenoticia.com.br\/noticia\/wp-json\/wp\/v2\/posts\/73845","targetHints":{"allow":["GET"]}}],"collection":[{"href":"https:\/\/www.redenoticia.com.br\/noticia\/wp-json\/wp\/v2\/posts"}],"about":[{"href":"https:\/\/www.redenoticia.com.br\/noticia\/wp-json\/wp\/v2\/types\/post"}],"author":[{"embeddable":true,"href":"https:\/\/www.redenoticia.com.br\/noticia\/wp-json\/wp\/v2\/users\/2"}],"replies":[{"embeddable":true,"href":"https:\/\/www.redenoticia.com.br\/noticia\/wp-json\/wp\/v2\/comments?post=73845"}],"version-history":[{"count":0,"href":"https:\/\/www.redenoticia.com.br\/noticia\/wp-json\/wp\/v2\/posts\/73845\/revisions"}],"wp:featuredmedia":[{"embeddable":true,"href":"https:\/\/www.redenoticia.com.br\/noticia\/wp-json\/wp\/v2\/media\/23889"}],"wp:attachment":[{"href":"https:\/\/www.redenoticia.com.br\/noticia\/wp-json\/wp\/v2\/media?parent=73845"}],"wp:term":[{"taxonomy":"category","embeddable":true,"href":"https:\/\/www.redenoticia.com.br\/noticia\/wp-json\/wp\/v2\/categories?post=73845"},{"taxonomy":"post_tag","embeddable":true,"href":"https:\/\/www.redenoticia.com.br\/noticia\/wp-json\/wp\/v2\/tags?post=73845"}],"curies":[{"name":"wp","href":"https:\/\/api.w.org\/{rel}","templated":true}]}}