{"id":73843,"date":"2015-08-11T11:48:41","date_gmt":"2015-08-11T14:48:41","guid":{"rendered":"http:\/\/www.redenoticia.com.br\/noticia\/?p=73843"},"modified":"2015-08-11T11:48:41","modified_gmt":"2015-08-11T14:48:41","slug":"atletas-estrangeiros-passam-mal-depois-de-evento-teste-na-lagoa","status":"publish","type":"post","link":"https:\/\/www.redenoticia.com.br\/noticia\/2015\/atletas-estrangeiros-passam-mal-depois-de-evento-teste-na-lagoa\/73843","title":{"rendered":"Atletas estrangeiros passam mal depois de evento-teste na Lagoa"},"content":{"rendered":"<p> Pelo menos 14 atletas estrangeiros passaram mal durante o <strong><em>Mundial J\u00fanior de Remo<\/em><\/strong>, na Lagoa Rodrigo de Freitas, na zona sul da cidade do Rio de Janeiro, evento-teste para os Jogos Ol\u00edmpicos e Paral\u00edmpicos de 2016. De acordo com o Comit\u00ea Organizador Rio 2016, oito americanos, tr\u00eas ingleses e tr\u00eas australianos tiveram diarreia.<\/p>\n<p>O comit\u00ea organizador informou que eles receberam atendimento m\u00e9dico antes da competi\u00e7\u00e3o com o diagn\u00f3stico de \u201cdiarreia dos viajantes\u201d, problema intestinal comum em viagens longas. No entanto, em entrevista \u00e0 ag\u00eancia de not\u00edcias internacional Associated Press, a m\u00e9dica respons\u00e1vel pela delega\u00e7\u00e3o americana, Kathryn Ackerman, suspeita que a causa seja o contato com a \u00e1gua da lagoa.<\/p>\n<p>A Associated Press j\u00e1 havia publicado no \u00faltimo dia 30 os resultados de uma pesquisa feita sob sua encomenda, que considerou p\u00e9ssimas as condi\u00e7\u00f5es da \u00e1gua da lagoa, assim como da Marina da Gl\u00f3ria, da Ba\u00eda de Guanabara e das praias de Copacabana e Ipanema. Segundo a ag\u00eancia, a contamina\u00e7\u00e3o da \u00e1gua pode chegar a infectar os atletas.<\/p>\n<p>Na ocasi\u00e3o, a prefeitura informou que as condi\u00e7\u00f5es da \u00e1gua da Lagoa est\u00e3o dentro do padr\u00e3o aceit\u00e1vel pelo Comit\u00ea Ol\u00edmpico Internacional (COI) para competi\u00e7\u00f5es. A Cedae, empresa respons\u00e1vel pela coleta de esgoto na regi\u00e3o, garantiu que suas instala\u00e7\u00f5es est\u00e3o dispostas da forma correta e que n\u00e3o contribu\u00edram para o aumento da polui\u00e7\u00e3o no local.<\/p>\n<p>Da Ag\u00eancia Brasil<br \/>\nEdi\u00e7\u00e3o: Denise Griesinger<\/p>\n","protected":false},"excerpt":{"rendered":"<p>Pelo menos 14 atletas estrangeiros passaram mal durante o Mundial J\u00fanior de Remo, na Lagoa Rodrigo de Freitas, na zona sul da cidade do Rio de Janeiro, evento-teste para os Jogos Ol\u00edmpicos e Paral\u00edmpicos de 2016. De acordo com o Comit\u00ea Organizador Rio 2016, oito americanos, tr\u00eas ingleses e tr\u00eas australianos tiveram diarreia. O comit\u00ea [&hellip;]<\/p>\n","protected":false},"author":2,"featured_media":39880,"comment_status":"open","ping_status":"closed","sticky":false,"template":"","format":"standard","meta":{"_genesis_hide_title":false,"_genesis_hide_breadcrumbs":false,"_genesis_hide_singular_image":false,"_genesis_hide_footer_widgets":false,"_genesis_custom_body_class":"","_genesis_custom_post_class":"","_genesis_layout":"","_jetpack_memberships_contains_paid_content":false,"footnotes":""},"categories":[22],"tags":[],"class_list":{"0":"post-73843","1":"post","2":"type-post","3":"status-publish","4":"format-standard","5":"has-post-thumbnail","7":"category-brasil","8":"entry","9":"gs-1","10":"gs-odd","11":"gs-even","12":"gs-featured-content-entry"},"jetpack_featured_media_url":"https:\/\/www.redenoticia.com.br\/noticia\/imagens\/olimpiadas.jpg","jetpack_sharing_enabled":true,"jetpack_likes_enabled":true,"_links":{"self":[{"href":"https:\/\/www.redenoticia.com.br\/noticia\/wp-json\/wp\/v2\/posts\/73843","targetHints":{"allow":["GET"]}}],"collection":[{"href":"https:\/\/www.redenoticia.com.br\/noticia\/wp-json\/wp\/v2\/posts"}],"about":[{"href":"https:\/\/www.redenoticia.com.br\/noticia\/wp-json\/wp\/v2\/types\/post"}],"author":[{"embeddable":true,"href":"https:\/\/www.redenoticia.com.br\/noticia\/wp-json\/wp\/v2\/users\/2"}],"replies":[{"embeddable":true,"href":"https:\/\/www.redenoticia.com.br\/noticia\/wp-json\/wp\/v2\/comments?post=73843"}],"version-history":[{"count":0,"href":"https:\/\/www.redenoticia.com.br\/noticia\/wp-json\/wp\/v2\/posts\/73843\/revisions"}],"wp:featuredmedia":[{"embeddable":true,"href":"https:\/\/www.redenoticia.com.br\/noticia\/wp-json\/wp\/v2\/media\/39880"}],"wp:attachment":[{"href":"https:\/\/www.redenoticia.com.br\/noticia\/wp-json\/wp\/v2\/media?parent=73843"}],"wp:term":[{"taxonomy":"category","embeddable":true,"href":"https:\/\/www.redenoticia.com.br\/noticia\/wp-json\/wp\/v2\/categories?post=73843"},{"taxonomy":"post_tag","embeddable":true,"href":"https:\/\/www.redenoticia.com.br\/noticia\/wp-json\/wp\/v2\/tags?post=73843"}],"curies":[{"name":"wp","href":"https:\/\/api.w.org\/{rel}","templated":true}]}}