{"id":73839,"date":"2015-08-11T11:42:51","date_gmt":"2015-08-11T14:42:51","guid":{"rendered":"http:\/\/www.redenoticia.com.br\/noticia\/?p=73839"},"modified":"2015-08-11T11:42:51","modified_gmt":"2015-08-11T14:42:51","slug":"bloqueio-de-ligacoes-de-telemarketing","status":"publish","type":"post","link":"https:\/\/www.redenoticia.com.br\/noticia\/2015\/bloqueio-de-ligacoes-de-telemarketing\/73839","title":{"rendered":"Bloqueio de Liga\u00e7\u00f5es de Telemarketing"},"content":{"rendered":"<p> Consumidores que n\u00e3o desejam receber liga\u00e7\u00f5es com ofertas de produtos e servi\u00e7os podem recorrer ao Cadastro para <strong><em>Bloqueio de Liga\u00e7\u00f5es de Telemarketing<\/em><\/strong>. O servi\u00e7o \u00e9 gratuito tanto para telefones fixos ou celulares e pode ser solicitado no .<\/p>\n<p>Criado pelo Decreto Estadual n\u00ba 53.921\/2008, o cadastro \u00e9 mantido e fiscalizado pela Funda\u00e7\u00e3o Procon-SP. O consumidor pode cadastrar at\u00e9 cinco n\u00fameros de telefone fixo ou celular para bloquear liga\u00e7\u00f5es de empresas de telemarketing que fa\u00e7am oferta ou publicidade de produtos e servi\u00e7os.<\/p>\n<p>A partir do envio dos dados, o bloqueio das liga\u00e7\u00f5es come\u00e7a a valer em at\u00e9 30 dias corridos. Caso o consumidor continue recebendo liga\u00e7\u00f5es ap\u00f3s o prazo de inscri\u00e7\u00e3o, a empresa poder\u00e1 ser denunciada no site do Procon-SP. A empresa que descumprir a Lei estar\u00e1 sujeita \u00e0s puni\u00e7\u00f5es previstas no C\u00f3digo de Defesa do Consumidor.<\/p>\n<p>Do Portal do Governo do Estado SP<\/p>\n<p>&#8212;<br \/>\nA Funda\u00e7\u00e3o PROCON-SP poder\u00e1 expedir comunica\u00e7\u00f5es \u00e0s empresas e impor san\u00e7\u00f5es no caso de transgress\u00e3o ou viola\u00e7\u00e3o das regras do Cadastro para Bloqueio do Recebimento de Liga\u00e7\u00f5es de Telemarketing, mas n\u00e3o indeniza ou repara eventuais danos individuais causados.<\/p>\n<p>N\u00e3o h\u00e1 custos para o preenchimento do cadastro.<\/p>\n","protected":false},"excerpt":{"rendered":"<p>Consumidores que n\u00e3o desejam receber liga\u00e7\u00f5es com ofertas de produtos e servi\u00e7os podem recorrer ao Cadastro para Bloqueio de Liga\u00e7\u00f5es de Telemarketing. O servi\u00e7o \u00e9 gratuito tanto para telefones fixos ou celulares e pode ser solicitado no . Criado pelo Decreto Estadual n\u00ba 53.921\/2008, o cadastro \u00e9 mantido e fiscalizado pela Funda\u00e7\u00e3o Procon-SP. O consumidor [&hellip;]<\/p>\n","protected":false},"author":2,"featured_media":37419,"comment_status":"open","ping_status":"closed","sticky":false,"template":"","format":"standard","meta":{"_genesis_hide_title":false,"_genesis_hide_breadcrumbs":false,"_genesis_hide_singular_image":false,"_genesis_hide_footer_widgets":false,"_genesis_custom_body_class":"","_genesis_custom_post_class":"","_genesis_layout":"","_jetpack_memberships_contains_paid_content":false,"footnotes":""},"categories":[22],"tags":[],"class_list":{"0":"post-73839","1":"post","2":"type-post","3":"status-publish","4":"format-standard","5":"has-post-thumbnail","7":"category-brasil","8":"entry","9":"gs-1","10":"gs-odd","11":"gs-even","12":"gs-featured-content-entry"},"jetpack_featured_media_url":"https:\/\/www.redenoticia.com.br\/noticia\/imagens\/computador-tecnologia.jpg","jetpack_sharing_enabled":true,"jetpack_likes_enabled":true,"_links":{"self":[{"href":"https:\/\/www.redenoticia.com.br\/noticia\/wp-json\/wp\/v2\/posts\/73839","targetHints":{"allow":["GET"]}}],"collection":[{"href":"https:\/\/www.redenoticia.com.br\/noticia\/wp-json\/wp\/v2\/posts"}],"about":[{"href":"https:\/\/www.redenoticia.com.br\/noticia\/wp-json\/wp\/v2\/types\/post"}],"author":[{"embeddable":true,"href":"https:\/\/www.redenoticia.com.br\/noticia\/wp-json\/wp\/v2\/users\/2"}],"replies":[{"embeddable":true,"href":"https:\/\/www.redenoticia.com.br\/noticia\/wp-json\/wp\/v2\/comments?post=73839"}],"version-history":[{"count":0,"href":"https:\/\/www.redenoticia.com.br\/noticia\/wp-json\/wp\/v2\/posts\/73839\/revisions"}],"wp:featuredmedia":[{"embeddable":true,"href":"https:\/\/www.redenoticia.com.br\/noticia\/wp-json\/wp\/v2\/media\/37419"}],"wp:attachment":[{"href":"https:\/\/www.redenoticia.com.br\/noticia\/wp-json\/wp\/v2\/media?parent=73839"}],"wp:term":[{"taxonomy":"category","embeddable":true,"href":"https:\/\/www.redenoticia.com.br\/noticia\/wp-json\/wp\/v2\/categories?post=73839"},{"taxonomy":"post_tag","embeddable":true,"href":"https:\/\/www.redenoticia.com.br\/noticia\/wp-json\/wp\/v2\/tags?post=73839"}],"curies":[{"name":"wp","href":"https:\/\/api.w.org\/{rel}","templated":true}]}}